{"id":26627,"date":"2022-04-09T00:39:10","date_gmt":"2022-04-09T00:39:10","guid":{"rendered":"http:\/\/actualizateiguazu.com\/v3\/?p=26627"},"modified":"2022-04-09T00:39:17","modified_gmt":"2022-04-09T00:39:17","slug":"jueves-santo-nahuel-penissi-actuara-tras-el-cierre-de-la-misa-popular-de-las-misiones","status":"publish","type":"post","link":"https:\/\/actualizateiguazu.com\/v3\/2022\/04\/09\/jueves-santo-nahuel-penissi-actuara-tras-el-cierre-de-la-misa-popular-de-las-misiones\/","title":{"rendered":"Jueves Santo: Nahuel Penissi actuar\u00e1 tras el cierre de la Misa Popular de las Misiones"},"content":{"rendered":"\n<p>Frente al Portal Central del Templo de la Misi\u00f3n de San Ignacio, tras desvestir el altar -s\u00edmbolo del inicio del triduo pascual-, el consagrado cantautor le pondr\u00e1 m\u00fasica y poes\u00eda al cierre de la misa m\u00e1s importante del a\u00f1o. La ceremonia, ser\u00e1 encabezada por el Obispo de Posadas, Monse\u00f1or Rub\u00e9n Mart\u00ednez, y ser\u00e1 ambientada por m\u00fasicos populares misioneros.<\/p>\n\n\n\n<p>La plaza de armas de la Reducci\u00f3n Jesu\u00edtica de San Ignacio Min\u00ed, volver\u00e1 a ser testigo silenciosa de una noche que quedar\u00e1 grabada en la retina de los presentes que, como cada a\u00f1o, se convoca all\u00ed para conmemorar la instituci\u00f3n de la Eucarist\u00eda en la \u00daltima Cena, el lavatorio de los pies y la oraci\u00f3n en el huerto de Getseman\u00ed.<\/p>\n\n\n\n<p>Con el Portal Central del Templo de la Misi\u00f3n como tel\u00f3n de fondo, la tradicional misa del Jueves Santo, ser\u00e1 celebrada, a partir de las 19 horas, por el Obispo Juan Rub\u00e9n Mart\u00ednez, acompa\u00f1ado por los sacerdotes de todas las parroquias de su di\u00f3cesis, di\u00e1conos, ministros y seglares; dando paso al Triduo Pascual.<\/p>\n\n\n\n<p>Un exquisito repertorio, dise\u00f1ado completa y especialmente por M\u00fasicos Misioneros; y fragmentos de la Misa Criolla -ic\u00f3nica obra del maestro Ariel Ram\u00edrez- interpretados por el ballet del Parque del Conocimiento, bajo la direcci\u00f3n del maestro Luis Marinoni, imprimir\u00e1n el sello misionero a esta celebraci\u00f3n que ya es reconocida como una de las m\u00e1s imponentes de la Argentina, convocando a\u00f1o tras a\u00f1o a visitantes de toda la regi\u00f3n.<\/p>\n\n\n\n<p>Finalizada la misa, el broche de oro de la noche, vendr\u00e1 de la mano del consagrado m\u00fasico Nahuel Pennisi, quien, junto a su guitarra, compa\u00f1era de vida desde los 4 a\u00f1os, subir\u00e1 al escenario conjugando su arte con la magia del entorno, imprimiendo en la noche un cap\u00edtulo que ser\u00e1 hist\u00f3rico.<\/p>\n\n\n\n<p>Ciego de nacimiento, el artista despert\u00f3 su pasi\u00f3n por las cuerdas a los 4 a\u00f1os, primero el bajo, y poco m\u00e1s tarde la guitarra. Sus padres se la dejaron sobre una cama para que explorara, pero \u00abqued\u00f3 al rev\u00e9s y yo pens\u00e9 que as\u00ed era la forma de tocar\u00bb, argumenta su marca distintiva con la que hizo \u00abdel error\u00bb un arte.<\/p>\n\n\n\n<p>En el marco de su convocante gira por Argentina, y luego de haber participado numerosas veces como invitado, Pennisi realiz\u00f3 su primera presentaci\u00f3n en el Festival de Jes\u00fas Mar\u00eda, donde alcanz\u00f3 la consagraci\u00f3n. A pocos d\u00edas de este reconocimiento, se present\u00f3 en vivo en el Festival de Cosqu\u00edn, donde lo acompa\u00f1\u00f3 en el escenario su colega y amigo Abel Pintos para interpretar juntos su single Mundo y el cl\u00e1sico popular Fuego en Animan\u00e1. Esta presentaci\u00f3n le vali\u00f3 a Nahuel la consagraci\u00f3n del Festival de Cosqu\u00edn, convirti\u00e9ndose en el primer artista en lograr en el mismo a\u00f1o la doble consagraci\u00f3n en los festivales m\u00e1s importantes del folclore argentino.<\/p>\n\n\n\n<p>Con entrada libre y gratuita, el evento espera recibir a una importante multitud de visitantes de toda la regi\u00f3n, que han hecho de esta ceremonia un destino fijo de su agenda de viajes. Adem\u00e1s, ser\u00e1 transmitido en vivo por la se\u00f1al de LT85 TV Canal 12, pudiendo alcanzar as\u00ed la compa\u00f1\u00eda de todas las familias misioneras.&nbsp;<\/p>\n\n\n\n<p>Cabe recordar que es requisito fundamental la presentaci\u00f3n del carnet de vacunaci\u00f3n contra el covid19. Se recomienda llevar sillones para mayor comodidad.<\/p>\n","protected":false},"excerpt":{"rendered":"<p>Frente al Portal Central del Templo de la Misi\u00f3n de San Ignacio, tras desvestir el<\/p>\n","protected":false},"author":1,"featured_media":26628,"comment_status":"open","ping_status":"open","sticky":false,"template":"","format":"standard","meta":{"footnotes":""},"categories":[234],"tags":[],"class_list":["post-26627","post","type-post","status-publish","format-standard","has-post-thumbnail","hentry","category-turismo"],"_links":{"self":[{"href":"https:\/\/actualizateiguazu.com\/v3\/wp-json\/wp\/v2\/posts\/26627","targetHints":{"allow":["GET"]}}],"collection":[{"href":"https:\/\/actualizateiguazu.com\/v3\/wp-json\/wp\/v2\/posts"}],"about":[{"href":"https:\/\/actualizateiguazu.com\/v3\/wp-json\/wp\/v2\/types\/post"}],"author":[{"embeddable":true,"href":"https:\/\/actualizateiguazu.com\/v3\/wp-json\/wp\/v2\/users\/1"}],"replies":[{"embeddable":true,"href":"https:\/\/actualizateiguazu.com\/v3\/wp-json\/wp\/v2\/comments?post=26627"}],"version-history":[{"count":1,"href":"https:\/\/actualizateiguazu.com\/v3\/wp-json\/wp\/v2\/posts\/26627\/revisions"}],"predecessor-version":[{"id":26629,"href":"https:\/\/actualizateiguazu.com\/v3\/wp-json\/wp\/v2\/posts\/26627\/revisions\/26629"}],"wp:featuredmedia":[{"embeddable":true,"href":"https:\/\/actualizateiguazu.com\/v3\/wp-json\/wp\/v2\/media\/26628"}],"wp:attachment":[{"href":"https:\/\/actualizateiguazu.com\/v3\/wp-json\/wp\/v2\/media?parent=26627"}],"wp:term":[{"taxonomy":"category","embeddable":true,"href":"https:\/\/actualizateiguazu.com\/v3\/wp-json\/wp\/v2\/categories?post=26627"},{"taxonomy":"post_tag","embeddable":true,"href":"https:\/\/actualizateiguazu.com\/v3\/wp-json\/wp\/v2\/tags?post=26627"}],"curies":[{"name":"wp","href":"https:\/\/api.w.org\/{rel}","templated":true}]}}