{"id":26630,"date":"2022-04-09T00:51:54","date_gmt":"2022-04-09T00:51:54","guid":{"rendered":"http:\/\/actualizateiguazu.com\/v3\/?p=26630"},"modified":"2022-04-09T00:51:59","modified_gmt":"2022-04-09T00:51:59","slug":"puerto-esperanza-se-prepara-para-la-4-edicion-del-festival-provincial-de-las-artes-2","status":"publish","type":"post","link":"https:\/\/actualizateiguazu.com\/v3\/2022\/04\/09\/puerto-esperanza-se-prepara-para-la-4-edicion-del-festival-provincial-de-las-artes-2\/","title":{"rendered":"Puerto Esperanza se prepara para la 4\u00b0 edici\u00f3n del\u00a0Festival Provincial de las Artes"},"content":{"rendered":"\n<p>El evento se llevar\u00e1 a cabo\u00a0este s\u00e1bado 9 y domingo 10 de abril,\u00a0en el Parque de la Salud local, y contar\u00e1 con la participaci\u00f3n de m\u00e1s de 100 artistas de la regi\u00f3n y pa\u00edses lim\u00edtrofes.<\/p>\n\n\n\n<p>El festival \u00abArte en la Naturaleza\u201d,&nbsp;que desde el 2018 convoca a&nbsp;pintores, escultores, bailarines y dem\u00e1s profesionales de toda la regi\u00f3n, propone este a\u00f1o recibir a sus visitantes con una oferta diferente, integrando el arte en todas sus expresiones, para ser disfrutado con todos los sentidos.<\/p>\n\n\n\n<p>\u00abHay grandes expectativas en torno a este festival, que viene creciendo a\u00f1o tras a\u00f1o. Esta edici\u00f3n se desarrollar\u00e1 pocos d\u00edas antes de Semana Santa, por lo que esperamos una significativa convocatoria\u00bb, destac\u00f3 el ministro de Turismo, Jos\u00e9 Mar\u00eda Arr\u00faa, durante la conferencia de presentaci\u00f3n realizada este lunes.<\/p>\n\n\n\n<figure class=\"wp-block-image size-full\"><img loading=\"lazy\" decoding=\"async\" width=\"976\" height=\"969\" src=\"https:\/\/actualizateiguazu.com\/v3\/wp-content\/uploads\/2022\/04\/Festival-de-las-Artes-7.jpeg\" alt=\"\" class=\"wp-image-26632\" srcset=\"https:\/\/actualizateiguazu.com\/v3\/wp-content\/uploads\/2022\/04\/Festival-de-las-Artes-7.jpeg 976w, https:\/\/actualizateiguazu.com\/v3\/wp-content\/uploads\/2022\/04\/Festival-de-las-Artes-7-300x298.jpeg 300w, https:\/\/actualizateiguazu.com\/v3\/wp-content\/uploads\/2022\/04\/Festival-de-las-Artes-7-150x150.jpeg 150w, https:\/\/actualizateiguazu.com\/v3\/wp-content\/uploads\/2022\/04\/Festival-de-las-Artes-7-768x762.jpeg 768w\" sizes=\"auto, (max-width: 976px) 100vw, 976px\" \/><\/figure>\n\n\n\n<p>En tanto que la secretaria de Turismo del municipio, Dahiana Buss, coment\u00f3 que \u00abel festival est\u00e1 pensado para disfrutar en familia. Habr\u00e1 talleres durante todo el d\u00eda, shows, ofertas gastron\u00f3micas, artesan\u00edas. La propuesta es muy variada y se podr\u00e1 experimentar un mont\u00f3n de cosas\u00bb y agreg\u00f3 que \u00abla familia puede ir tranquila porque se va a encontrar en el lugar con todo lo necesario para pasarla bien\u201d.<\/p>\n\n\n\n<p>Por su parte, Sabina Buss, organizadora del evento, se refiri\u00f3 a los detalles del festival, destacando la presencia de una importante y plural variedad de artistas, entre los que se destacar\u00e1n escultores, muralistas trabajando en vivo, pintura, body paint, m\u00fasica, teatro, circo, telas, entre otros.<\/p>\n\n\n\n<figure class=\"wp-block-image size-large\"><img loading=\"lazy\" decoding=\"async\" width=\"1024\" height=\"682\" src=\"https:\/\/actualizateiguazu.com\/v3\/wp-content\/uploads\/2022\/04\/Festival-de-las-Artes-5-1024x682.jpeg\" alt=\"\" class=\"wp-image-26631\" srcset=\"https:\/\/actualizateiguazu.com\/v3\/wp-content\/uploads\/2022\/04\/Festival-de-las-Artes-5-1024x682.jpeg 1024w, https:\/\/actualizateiguazu.com\/v3\/wp-content\/uploads\/2022\/04\/Festival-de-las-Artes-5-300x200.jpeg 300w, https:\/\/actualizateiguazu.com\/v3\/wp-content\/uploads\/2022\/04\/Festival-de-las-Artes-5-768x512.jpeg 768w, https:\/\/actualizateiguazu.com\/v3\/wp-content\/uploads\/2022\/04\/Festival-de-las-Artes-5.jpeg 1280w\" sizes=\"auto, (max-width: 1024px) 100vw, 1024px\" \/><\/figure>\n\n\n\n<p>\u00abTodo el montaje estar\u00e1 dispuesto en el polideportivo para que la gente pueda ir y vivir una experiencia completa. El lugar es cerrado, y est\u00e1 todo previsto para que sea una linda experiencia, y que no se suspenda por eventuales inclemencias del tiempo\u00bb, cerr\u00f3.&nbsp;<\/p>\n","protected":false},"excerpt":{"rendered":"<p>El evento se llevar\u00e1 a cabo\u00a0este s\u00e1bado 9 y domingo 10 de abril,\u00a0en el Parque<\/p>\n","protected":false},"author":1,"featured_media":26633,"comment_status":"open","ping_status":"open","sticky":false,"template":"","format":"standard","meta":{"footnotes":""},"categories":[222,234],"tags":[],"class_list":["post-26630","post","type-post","status-publish","format-standard","has-post-thumbnail","hentry","category-cultura","category-turismo"],"_links":{"self":[{"href":"https:\/\/actualizateiguazu.com\/v3\/wp-json\/wp\/v2\/posts\/26630","targetHints":{"allow":["GET"]}}],"collection":[{"href":"https:\/\/actualizateiguazu.com\/v3\/wp-json\/wp\/v2\/posts"}],"about":[{"href":"https:\/\/actualizateiguazu.com\/v3\/wp-json\/wp\/v2\/types\/post"}],"author":[{"embeddable":true,"href":"https:\/\/actualizateiguazu.com\/v3\/wp-json\/wp\/v2\/users\/1"}],"replies":[{"embeddable":true,"href":"https:\/\/actualizateiguazu.com\/v3\/wp-json\/wp\/v2\/comments?post=26630"}],"version-history":[{"count":1,"href":"https:\/\/actualizateiguazu.com\/v3\/wp-json\/wp\/v2\/posts\/26630\/revisions"}],"predecessor-version":[{"id":26634,"href":"https:\/\/actualizateiguazu.com\/v3\/wp-json\/wp\/v2\/posts\/26630\/revisions\/26634"}],"wp:featuredmedia":[{"embeddable":true,"href":"https:\/\/actualizateiguazu.com\/v3\/wp-json\/wp\/v2\/media\/26633"}],"wp:attachment":[{"href":"https:\/\/actualizateiguazu.com\/v3\/wp-json\/wp\/v2\/media?parent=26630"}],"wp:term":[{"taxonomy":"category","embeddable":true,"href":"https:\/\/actualizateiguazu.com\/v3\/wp-json\/wp\/v2\/categories?post=26630"},{"taxonomy":"post_tag","embeddable":true,"href":"https:\/\/actualizateiguazu.com\/v3\/wp-json\/wp\/v2\/tags?post=26630"}],"curies":[{"name":"wp","href":"https:\/\/api.w.org\/{rel}","templated":true}]}}