{"id":26643,"date":"2022-04-09T22:11:32","date_gmt":"2022-04-09T22:11:32","guid":{"rendered":"http:\/\/actualizateiguazu.com\/v3\/?p=26643"},"modified":"2022-04-09T22:36:04","modified_gmt":"2022-04-09T22:36:04","slug":"veia-como-le-pasaba-el-cuchillo-por-la-cara-de-mi-bebe","status":"publish","type":"post","link":"https:\/\/actualizateiguazu.com\/v3\/2022\/04\/09\/veia-como-le-pasaba-el-cuchillo-por-la-cara-de-mi-bebe\/","title":{"rendered":"\u201cVe\u00eda c\u00f3mo le pasaba el cuchillo por la cara de mi beb\u00e9\u201d"},"content":{"rendered":"\n<p>La joven que escap\u00f3 de la escena del crimen tras ser abusada por el imputado sali\u00f3 a desmentir al acusado. Dijo que adopt\u00f3 una actitud d\u00f3cil para salvar su vida y de su hijo. El jueves, en indagatoria, Jonathan Ferreira dijo que se defendi\u00f3 de un supuesto ataque de M\u00e9ndez.&nbsp;<\/p>\n\n\n\n<p>Pocas horas despu\u00e9s de la declaraci\u00f3n indagatoria que brind\u00f3 ante la Justicia de Puerto Iguaz\u00fa Jonathan Ferreira (33), detenido como \u00fanico responsable del asesinato a pu\u00f1aladas de Bruno M\u00e9ndez (25), la joven de 18 a\u00f1os que denunci\u00f3 haber sido abusada por el imputado luego de consumarse el ataque a su novio fallecido decidi\u00f3 romper el silencio ante los medios de comunicaci\u00f3n y desmentir varias de las declaraciones hechas por el acusado en sede judicial.<\/p>\n\n\n\n<p>Mediante una entrevista que concedi\u00f3 el jueves por la noche a un canal local la muchacha dio detalles de c\u00f3mo escap\u00f3 de la casa de Polaquito Ferreira, ubicada en el barrio Villa Alta de la Ciudad de las Cataratas y aclar\u00f3 que contra su voluntad tuvo que mantener una actitud d\u00f3cil para salvar su vida y la de su peque\u00f1o beb\u00e9 que tambi\u00e9n se encontraba en ese momento en la horrenda escena.<\/p>\n\n\n\n<p>Indic\u00f3 que lo que comenz\u00f3 como una noche de diversi\u00f3n termin\u00f3 en tragedia y destruy\u00f3 a dos familias completas. En su relato la joven ratific\u00f3 lo que viene informando este medio en torno a las circunstancias generales del suceso, sin embargo brind\u00f3 detalles crudos de una noche de terror.<\/p>\n\n\n\n<p>Reconoci\u00f3 que consumi\u00f3 bebidas alcoh\u00f3licas y que fum\u00f3 por primera vez marihuana. En ese contexto se\u00f1al\u00f3: \u201cNo s\u00e9 por qu\u00e9 lo hice, s\u00f3lo lo hice\u201d. Tambi\u00e9n manifest\u00f3 que cerca de las 3 de la ma\u00f1ana intent\u00f3 volver a su casa con su hijo, aprovechando que el homicida hab\u00eda dejado la casa para comprar otra botella de vino.&nbsp;<\/p>\n\n\n\n<p>\u201cMi beb\u00e9 dorm\u00eda en mis brazos, yo le dije a Bruno que me quer\u00eda ir. Sal\u00ed de la casa, \u00e9l sali\u00f3, estuvimos hablando porque est\u00e1bamos medio peleados y \u00e9l me dijo \u00b4Gorda, qu\u00e9date\u00b4 entonces me qued\u00e9. Entramos y volvi\u00f3 el Polaquito con el vino\u201d reconoci\u00f3.<\/p>\n\n\n\n<p>A su vez, detall\u00f3 que durante toda la velada, el due\u00f1o de casa intent\u00f3 acercarse a ella y record\u00f3 que Bruno estaba celoso. Sobre su relaci\u00f3n con M\u00e9ndez cont\u00f3: \u201cEsa noche no est\u00e1bamos juntos como pareja, est\u00e1bamos compartiendo como amigos porque la familia de Bruno no aceptaba la relaci\u00f3n y no quer\u00edamos que el Polaquito le cuente al hermano que nosotros \u00e9ramos novios\u201d.<\/p>\n\n\n\n<p>Por otro lado, la joven confirm\u00f3 que en un momento dado de la madrugada El Polaquito se ofreci\u00f3 a cuidar al beb\u00e9 mientras ella y su novio manten\u00edan relaciones sexuales en una habitaci\u00f3n de la casa. Pero aclar\u00f3 que en un momento dado el imputado intent\u00f3 propasarse con ella y ah\u00ed fue cuando se registr\u00f3 el ataque.<\/p>\n\n\n\n<p>En relaci\u00f3n al ataque que sufri\u00f3 su pareja, la entrevistada coment\u00f3 \u00abell estaba ah\u00ed sangrando y me ped\u00eda ayuda. Mi bebe lloraba y El Polaquito me dijo que lo calmara, entonces le di la teta para calmarlo. Bruno me ped\u00eda ayuda y yo no pod\u00eda ni acercarme porque me dijo que me iba a matar\u201d.<\/p>\n\n\n\n<p>En la continuidad de su dram\u00e1tico relato, la muchacha describi\u00f3 que despu\u00e9s de ser sometida sexualmente se vio obligada a ser d\u00f3cil con su atacante porque este amenazaba a su hijo. \u201cLlegu\u00e9 a decirle \u2018te quiero\u2019 porque ve\u00eda c\u00f3mo le pasaba el cuchillo en la cara de mi beb\u00e9\u201d, dijo la chica en torno a uno de los momentos m\u00e1s traum\u00e1ticos que le toc\u00f3 padecer la madrugada del homicidio.<\/p>\n\n\n\n<p>Remarc\u00f3 que pod\u00eda ver c\u00f3mo Bruno agonizaba hasta la \u00faltima vez que El Polaquito lo apu\u00f1al\u00f3 \u201c\u00e9l ped\u00eda ayuda, vi como respiraba hasta que lo apu\u00f1al\u00f3 de nuevo y dejo de respirar\u201d.<\/p>\n\n\n\n<p>Entre los detalles de la declaraci\u00f3n de la joven, resalt\u00f3 que en dos oportunidades el acusado intent\u00f3 asfixiarla en una de ellas se defendi\u00f3 tomando un cord\u00f3n con una llave que ten\u00eda colgado del cuello a su agresor y logr\u00f3 que este la suelte\u201d.<\/p>\n\n\n\n<p>Por \u00faltimo remarc\u00f3 que \u201clo \u00fanico que quiero es que se haga justicia, primero por Bruno que ya no est\u00e1, y despu\u00e9s por m\u00ed que estoy muy mal\u201d.<\/p>\n\n\n\n<p>Defensa en indagatoria<\/p>\n\n\n\n<p>Contrario a lo que se esperaba en la previa, el mismo jueves por la ma\u00f1ana, el imputado se present\u00f3 en audiencia indagatoria ante el titular del Juzgado de Instrucci\u00f3n Tres de Iguaz\u00fa, Mart\u00edn Brites, y decidi\u00f3 dar su versi\u00f3n de los hechos.<\/p>\n\n\n\n<p>Durante su exposici\u00f3n confes\u00f3 el crimen, pero se\u00f1al\u00f3 que solo se defendi\u00f3 y que tuvo relaciones consentidas con la joven.<\/p>\n\n\n\n<p>Tambi\u00e9n aclar\u00f3 que cuando ella vio la sangre y el cuerpo, se desesper\u00f3, por lo que sali\u00f3 corriendo hacia afuera a pedir ayuda, momento en el cual fue rescatada por un vecino.<\/p>\n\n\n\n<p>Tras su declaraci\u00f3n se lo imput\u00f3 por \u201chomicidio criminis causa y abuso sexual con acceso carnal y privaci\u00f3n ilegitima de la libertad\u201d.<\/p>\n\n\n\n<p>Mientras se llevaba a cabo la indagatoria, familiares de M\u00e9ndez hicieron vigilia fuera del Juzgado. En un primer momento ten\u00edan como objetivo congregarse frente a la comisar\u00eda Primera para esperar el traslado de Ferreira a sede judicial. No obstante, el detenido fue movilizado m\u00e1s temprano a lo previsto, por lo que se congregaron directamente all\u00ed.<\/p>\n\n\n\n<p>Fuente: El Territorio <\/p>\n","protected":false},"excerpt":{"rendered":"<p>La joven que escap\u00f3 de la escena del crimen tras ser abusada por el imputado<\/p>\n","protected":false},"author":1,"featured_media":26644,"comment_status":"open","ping_status":"open","sticky":false,"template":"","format":"standard","meta":{"footnotes":""},"categories":[1,226],"tags":[],"class_list":["post-26643","post","type-post","status-publish","format-standard","has-post-thumbnail","hentry","category-actualidad","category-locales"],"_links":{"self":[{"href":"https:\/\/actualizateiguazu.com\/v3\/wp-json\/wp\/v2\/posts\/26643","targetHints":{"allow":["GET"]}}],"collection":[{"href":"https:\/\/actualizateiguazu.com\/v3\/wp-json\/wp\/v2\/posts"}],"about":[{"href":"https:\/\/actualizateiguazu.com\/v3\/wp-json\/wp\/v2\/types\/post"}],"author":[{"embeddable":true,"href":"https:\/\/actualizateiguazu.com\/v3\/wp-json\/wp\/v2\/users\/1"}],"replies":[{"embeddable":true,"href":"https:\/\/actualizateiguazu.com\/v3\/wp-json\/wp\/v2\/comments?post=26643"}],"version-history":[{"count":2,"href":"https:\/\/actualizateiguazu.com\/v3\/wp-json\/wp\/v2\/posts\/26643\/revisions"}],"predecessor-version":[{"id":26646,"href":"https:\/\/actualizateiguazu.com\/v3\/wp-json\/wp\/v2\/posts\/26643\/revisions\/26646"}],"wp:featuredmedia":[{"embeddable":true,"href":"https:\/\/actualizateiguazu.com\/v3\/wp-json\/wp\/v2\/media\/26644"}],"wp:attachment":[{"href":"https:\/\/actualizateiguazu.com\/v3\/wp-json\/wp\/v2\/media?parent=26643"}],"wp:term":[{"taxonomy":"category","embeddable":true,"href":"https:\/\/actualizateiguazu.com\/v3\/wp-json\/wp\/v2\/categories?post=26643"},{"taxonomy":"post_tag","embeddable":true,"href":"https:\/\/actualizateiguazu.com\/v3\/wp-json\/wp\/v2\/tags?post=26643"}],"curies":[{"name":"wp","href":"https:\/\/api.w.org\/{rel}","templated":true}]}}