{"id":26654,"date":"2022-04-10T12:58:21","date_gmt":"2022-04-10T12:58:21","guid":{"rendered":"http:\/\/actualizateiguazu.com\/v3\/?p=26654"},"modified":"2022-04-10T13:14:21","modified_gmt":"2022-04-10T13:14:21","slug":"lanzaron-el-programa-de-fortalecimiento-de-la-agricultura-en-campo-viera","status":"publish","type":"post","link":"https:\/\/actualizateiguazu.com\/v3\/2022\/04\/10\/lanzaron-el-programa-de-fortalecimiento-de-la-agricultura-en-campo-viera\/","title":{"rendered":"Lanzaron el programa de fortalecimiento de la acuicultura en Campo Viera"},"content":{"rendered":"\n<p>Desde Campo Viera se lanz\u00f3 el programa de Fortalecimiento de la Acuicultura misionera que beneficiar\u00e1 a 240 productores pisc\u00edcolas. En la ocasi\u00f3n <strong>el Gobernador Oscar Herrera ahuad entreg\u00f3 equipamiento e insumos a los t\u00e9cnicos del programa que asistir\u00e1n a los productores del sector en diversos puntos de la provincia.<\/strong><\/p>\n\n\n\n<p>En el camping \u201cEl Ed\u00e9n\u201d se realiz\u00f3 el lanzamiento del programa de Fortalecimiento de la <strong>Acuicultura (Es el conjunto de actividades, t\u00e9cnicas y conocimientos de crianza de especies acu\u00e1ticas\u00a0vegetales\u00a0y\u00a0animales)<\/strong> misionera que busca fortalecer esta cuenca productiva y que beneficiar\u00e1 inicialmente a 240 productores. El gobernador Oscar Herrera Ahuad adem\u00e1s entreg\u00f3 equipamiento e insumos a los t\u00e9cnicos que asistir\u00e1n a los productores locales con el objetivo de fomentar el potencial productivo del sector. Asimismo, ante un panorama donde se ha recuperado en parte el r\u00e9gimen h\u00eddrico, resalt\u00f3 que \u00ab<strong>Misiones comienza a retomar esa senda productiva importante que est\u00e1 relacionada con el peque\u00f1o y el mediano productor<\/strong>\u00ab.<\/p>\n\n\n\n<figure class=\"wp-block-image size-large\"><img loading=\"lazy\" decoding=\"async\" width=\"1024\" height=\"682\" src=\"https:\/\/actualizateiguazu.com\/v3\/wp-content\/uploads\/2022\/04\/4-Campo-Viera-1024x682.jpg\" alt=\"\" class=\"wp-image-26656\" srcset=\"https:\/\/actualizateiguazu.com\/v3\/wp-content\/uploads\/2022\/04\/4-Campo-Viera-1024x682.jpg 1024w, https:\/\/actualizateiguazu.com\/v3\/wp-content\/uploads\/2022\/04\/4-Campo-Viera-300x200.jpg 300w, https:\/\/actualizateiguazu.com\/v3\/wp-content\/uploads\/2022\/04\/4-Campo-Viera-768x512.jpg 768w, https:\/\/actualizateiguazu.com\/v3\/wp-content\/uploads\/2022\/04\/4-Campo-Viera.jpg 1280w\" sizes=\"auto, (max-width: 1024px) 100vw, 1024px\" \/><\/figure>\n\n\n\n<p>Al respecto, declar\u00f3 que el programa apunta al fortalecimiento de un \u00e1rea que cada vez es m\u00e1s necesaria en una Argentina con constante inflaci\u00f3n mensual. Remarc\u00f3 que se necesita de la producci\u00f3n misionera para \u201c<strong>poder atravesar este tiempo de extremas dificultades, sobre todo ante el incremento en los precios de la comida<\/strong>\u201d. Sostuvo que se debe apostar a nuestra producci\u00f3n y a la diversificaci\u00f3n productiva, algo que es posible desde <strong>tres bases fundamentales: el Gobierno provincial, los productores y los intendentes, para que la iniciativa pueda sostenerse en el tiempo y lograr los mejores resultados.<\/strong><\/p>\n\n\n\n<p>En esa l\u00ednea, destac\u00f3 el aporte \u201cdesde la provincia con herramientas, insumos y recursos\u201d. En cuanto al productor, se necesita \u201cel compromiso en la cr\u00eda y que pueda ir incorporando tecnolog\u00eda, ciencia y agregado de valor\u201d. Insisti\u00f3 en el rol fundamental de los intendentes que resultan clave para la institucionalidad, \u201csu rol es fundamental para que las pol\u00edticas p\u00fablicas puedan trascender\u201d. A todo esto, explic\u00f3 que se incorporaron recursos a las \u00e1reas de faena y a las que aportan valor agregado, en el a\u00f1o m\u00e1s dif\u00edcil y m\u00e1s complejo para la actividad agropecuaria.<\/p>\n\n\n\n<p>Al mismo tiempo, <strong>el Gobernador augur\u00f3 una Semana Santa pr\u00f3spera y que \u201csea tambi\u00e9n un mecanismo de diversificaci\u00f3n productiva para la cantidad de productores pisc\u00edcolas y de otras caracter\u00edsticas de la provincia\u201d. En un contexto amplio defini\u00f3 a Misiones como \u201cuna provincia ordenada desde la pol\u00edtica\u201d, pendiente de las cuestiones macroecon\u00f3micas y siempre enfocada \u201cen el bienestar de los misioneros y el bienestar de los productores\u201d.<\/strong><\/p>\n\n\n\n<p>Finalmente, Herrera Ahuad agradeci\u00f3 a todos los productores misioneros por ayudar y acompa\u00f1ar a la provincia en un momento tan dif\u00edcil. Por eso, destac\u00f3 que \u201cvamos caminando a su lado, con lo que tenemos para ayudar, y lo que no tenemos, lo gestionamos para tratar de traerlo a Misiones. En eso estamos abocados\u201d.<\/p>\n\n\n\n<figure class=\"wp-block-image size-large\"><img loading=\"lazy\" decoding=\"async\" width=\"1024\" height=\"682\" src=\"https:\/\/actualizateiguazu.com\/v3\/wp-content\/uploads\/2022\/04\/5-Campo-Viera-1024x682.jpg\" alt=\"\" class=\"wp-image-26655\" srcset=\"https:\/\/actualizateiguazu.com\/v3\/wp-content\/uploads\/2022\/04\/5-Campo-Viera-1024x682.jpg 1024w, https:\/\/actualizateiguazu.com\/v3\/wp-content\/uploads\/2022\/04\/5-Campo-Viera-300x200.jpg 300w, https:\/\/actualizateiguazu.com\/v3\/wp-content\/uploads\/2022\/04\/5-Campo-Viera-768x512.jpg 768w, https:\/\/actualizateiguazu.com\/v3\/wp-content\/uploads\/2022\/04\/5-Campo-Viera.jpg 1280w\" sizes=\"auto, (max-width: 1024px) 100vw, 1024px\" \/><\/figure>\n\n\n\n<p>En el marco de la visita, el mandatario entreg\u00f3 equipamiento especial y 12 motos a los t\u00e9cnicos que recorrer\u00e1n las distintas localidades de Misiones munidos de las herramientas para hacer las mediciones necesarias y asistir a los productores. Sin dudas es dar un paso fundamental para el crecimiento de la producci\u00f3n acuicultora.&nbsp;<\/p>\n\n\n\n<p>En tanto, el intendente de Campo Viera, Germ\u00e1n Burger, detall\u00f3 que la iniciativa va fortalecer el sector y aportar\u00e1 a la diversificaci\u00f3n productiva, por eso agradeci\u00f3 la ayuda del Gobierno provincial. A su turno, el ministro del Agro y la Producci\u00f3n, Sebasti\u00e1n Oriozabala, destac\u00f3 el acompa\u00f1amiento de los municipios con el programa y asegur\u00f3 que \u201chemos logrado que el sector se haya posicionado a\u00f1o tras a\u00f1o\u201d. Algo que va de la mano del exitoso programa \u201cMisiones pescado\u201d que ayud\u00f3 articular, analizar, fortalecer a la pol\u00edtica en piscicultura en la regi\u00f3n.&nbsp;<\/p>\n\n\n\n<p>Tambi\u00e9n acompa\u00f1aron el ministro coordinador de Gabinete, Ricardo Wellbach; la ministra de Acci\u00f3n Cooperativa, Liliana Rodr\u00edguez; la ministra de Agricultura Familiar, Marta Ferreira; el diputado nacional Carlos Fern\u00e1ndez; jefes comunales de localidades vecinas; productores, y otros funcionarios provinciales.<\/p>\n\n\n\n<p><strong>Un programa esencial para la recuperaci\u00f3n del sector<\/strong><\/p>\n\n\n\n<p>En cuanto al Programa de Fortalecimiento de la Acuicultura, actualmente beneficia a 240 productores locales haciendo eje en tres objetivos: <strong>consolidar capacidades t\u00e9cnicas en piscicultura subtropical para la recr\u00eda y el engorde de peces, promover un aprovechamiento integral del pescado y consolidar el desarrollo de actores institucionales para promover la innovaci\u00f3n, el agregado de valor y el incentivo al consumo de carne de pescado.<\/strong><\/p>\n\n\n\n<p>Adem\u00e1s, cabe resaltar que este programa se lanz\u00f3 en Campo Viera por la trayectoria de trabajo pisc\u00edcola y por tratarse de un centro estrat\u00e9gico. Y con este lanzamiento, tambi\u00e9n se procedi\u00f3 a realizar la cosecha de peces en el Camping El Ed\u00e9n de Campo Viera. <strong>En la actualidad en el municipio hay 300 estanques y 186 productores, muchos de ellos son productores de otras localidades pero trabajan en el municipio. Y a nivel provincial hay m\u00e1s de 4000 productores, y una superficie de 800 ha de estanques.<\/strong><\/p>\n","protected":false},"excerpt":{"rendered":"<p>Desde Campo Viera se lanz\u00f3 el programa de Fortalecimiento de la Acuicultura misionera que beneficiar\u00e1<\/p>\n","protected":false},"author":1,"featured_media":26657,"comment_status":"open","ping_status":"open","sticky":false,"template":"","format":"standard","meta":{"footnotes":""},"categories":[1,229],"tags":[],"class_list":["post-26654","post","type-post","status-publish","format-standard","has-post-thumbnail","hentry","category-actualidad","category-provinciales"],"_links":{"self":[{"href":"https:\/\/actualizateiguazu.com\/v3\/wp-json\/wp\/v2\/posts\/26654","targetHints":{"allow":["GET"]}}],"collection":[{"href":"https:\/\/actualizateiguazu.com\/v3\/wp-json\/wp\/v2\/posts"}],"about":[{"href":"https:\/\/actualizateiguazu.com\/v3\/wp-json\/wp\/v2\/types\/post"}],"author":[{"embeddable":true,"href":"https:\/\/actualizateiguazu.com\/v3\/wp-json\/wp\/v2\/users\/1"}],"replies":[{"embeddable":true,"href":"https:\/\/actualizateiguazu.com\/v3\/wp-json\/wp\/v2\/comments?post=26654"}],"version-history":[{"count":3,"href":"https:\/\/actualizateiguazu.com\/v3\/wp-json\/wp\/v2\/posts\/26654\/revisions"}],"predecessor-version":[{"id":26661,"href":"https:\/\/actualizateiguazu.com\/v3\/wp-json\/wp\/v2\/posts\/26654\/revisions\/26661"}],"wp:featuredmedia":[{"embeddable":true,"href":"https:\/\/actualizateiguazu.com\/v3\/wp-json\/wp\/v2\/media\/26657"}],"wp:attachment":[{"href":"https:\/\/actualizateiguazu.com\/v3\/wp-json\/wp\/v2\/media?parent=26654"}],"wp:term":[{"taxonomy":"category","embeddable":true,"href":"https:\/\/actualizateiguazu.com\/v3\/wp-json\/wp\/v2\/categories?post=26654"},{"taxonomy":"post_tag","embeddable":true,"href":"https:\/\/actualizateiguazu.com\/v3\/wp-json\/wp\/v2\/tags?post=26654"}],"curies":[{"name":"wp","href":"https:\/\/api.w.org\/{rel}","templated":true}]}}