{"id":26667,"date":"2022-04-11T12:55:10","date_gmt":"2022-04-11T12:55:10","guid":{"rendered":"http:\/\/actualizateiguazu.com\/v3\/?p=26667"},"modified":"2022-04-11T13:03:47","modified_gmt":"2022-04-11T13:03:47","slug":"nacio-francisco-el-hijo-del-presidente-alberto-fernandez-y-fabiola-yanez","status":"publish","type":"post","link":"https:\/\/actualizateiguazu.com\/v3\/2022\/04\/11\/nacio-francisco-el-hijo-del-presidente-alberto-fernandez-y-fabiola-yanez\/","title":{"rendered":"Naci\u00f3 Francisco, el hijo del presidente Alberto Fern\u00e1ndez y Fabiola Ya\u00f1ez"},"content":{"rendered":"\n<p>Francisco, el hijo del presidente Alberto Fern\u00e1ndez y la primera dama Fabiola Ya\u00f1ez, naci\u00f3 en las primeras horas de este lunes en el sanatorio Otamendi, por ces\u00e1rea, inform\u00f3 la Unidad M\u00e9dica Presidencial<\/p>\n\n\n\n<p>\u00abLa se\u00f1ora Fabiola Ya\u00f1ez ingres\u00f3 pasada la medianoche al Sanatorio Otamendi con contracciones de trabajo de parto sin progresi\u00f3n del mismo, por lo cual se efectu\u00f3 una operaci\u00f3n ces\u00e1rea. Naciendo a las 1.22 hs. un beb\u00e9 de sexo masculino con un peso de 3.510 gramos\u00bb, se\u00f1ala el comunicado.<\/p>\n\n\n\n<p>La evoluci\u00f3n, \u00abtanto del beb\u00e9 como de la madre, es satisfactoria. Encontr\u00e1ndose ambos en perfecto estado de salud\u00bb destaca.<\/p>\n\n\n\n<p>\u00abNaci\u00f3 Francisco!!!, Con tu madre @fabiolaoficialok estamos inmensamente felices. Bienvenido a la vida!!!\u201d, escribi\u00f3 el presidente en su cuenta de Instagram, con una foto en la que pueden verse las huellas de los pies del beb\u00e9.<\/p>\n\n\n\n<p>Por su parte Fabiola Ya\u00f1es compartio la misma fotografia con el siguient mensaje:<\/p>\n\n\n\n<p>\u00abFrancisco: aquel que ama la libertad. Hoy, 11 de abril, a las 01:21 hs naci\u00f3 nuestro hijo, a quien tanto esperamos y amamos desde el primer d\u00eda. Nos sentimos felices y afortunados de recibirlo rodeados de afecto en nuestra Argentina. Agradecemos todos los buenos deseos que nos transmitieron en estos meses, nos acompa\u00f1aron mucho. La realidad supera cualquiera de ellos, vivimos un sue\u00f1o que anhelamos hace tiempo y hoy abrazamos con amor\u00bb<\/p>\n","protected":false},"excerpt":{"rendered":"<p>Francisco, el hijo del presidente Alberto Fern\u00e1ndez y la primera dama Fabiola Ya\u00f1ez, naci\u00f3 en<\/p>\n","protected":false},"author":1,"featured_media":26670,"comment_status":"open","ping_status":"open","sticky":false,"template":"","format":"standard","meta":{"footnotes":""},"categories":[1,227,232],"tags":[],"class_list":["post-26667","post","type-post","status-publish","format-standard","has-post-thumbnail","hentry","category-actualidad","category-nacionales","category-sociedad"],"_links":{"self":[{"href":"https:\/\/actualizateiguazu.com\/v3\/wp-json\/wp\/v2\/posts\/26667","targetHints":{"allow":["GET"]}}],"collection":[{"href":"https:\/\/actualizateiguazu.com\/v3\/wp-json\/wp\/v2\/posts"}],"about":[{"href":"https:\/\/actualizateiguazu.com\/v3\/wp-json\/wp\/v2\/types\/post"}],"author":[{"embeddable":true,"href":"https:\/\/actualizateiguazu.com\/v3\/wp-json\/wp\/v2\/users\/1"}],"replies":[{"embeddable":true,"href":"https:\/\/actualizateiguazu.com\/v3\/wp-json\/wp\/v2\/comments?post=26667"}],"version-history":[{"count":1,"href":"https:\/\/actualizateiguazu.com\/v3\/wp-json\/wp\/v2\/posts\/26667\/revisions"}],"predecessor-version":[{"id":26671,"href":"https:\/\/actualizateiguazu.com\/v3\/wp-json\/wp\/v2\/posts\/26667\/revisions\/26671"}],"wp:featuredmedia":[{"embeddable":true,"href":"https:\/\/actualizateiguazu.com\/v3\/wp-json\/wp\/v2\/media\/26670"}],"wp:attachment":[{"href":"https:\/\/actualizateiguazu.com\/v3\/wp-json\/wp\/v2\/media?parent=26667"}],"wp:term":[{"taxonomy":"category","embeddable":true,"href":"https:\/\/actualizateiguazu.com\/v3\/wp-json\/wp\/v2\/categories?post=26667"},{"taxonomy":"post_tag","embeddable":true,"href":"https:\/\/actualizateiguazu.com\/v3\/wp-json\/wp\/v2\/tags?post=26667"}],"curies":[{"name":"wp","href":"https:\/\/api.w.org\/{rel}","templated":true}]}}