{"id":26691,"date":"2022-04-11T16:45:17","date_gmt":"2022-04-11T16:45:17","guid":{"rendered":"http:\/\/actualizateiguazu.com\/v3\/?p=26691"},"modified":"2022-04-11T16:45:21","modified_gmt":"2022-04-11T16:45:21","slug":"puente-quemado-arauco-busca-desalojar-a-familias-mbya-de-sus-territorios","status":"publish","type":"post","link":"https:\/\/actualizateiguazu.com\/v3\/2022\/04\/11\/puente-quemado-arauco-busca-desalojar-a-familias-mbya-de-sus-territorios\/","title":{"rendered":"Puente Quemado: Arauco busca desalojar a familias Mbya de sus territorios"},"content":{"rendered":"\n<p><strong>El Equipo Misiones de Pastoral Aborigen (EMiPA) emiti\u00f3 un comunicado d\u00f3nde denuncia que los miembros de la&nbsp; Comunidad Puente Quemado, ubicada en Garuhap\u00e9, son v\u00edctimas constantes del asedio de la empresa forestal y que buscan quedarse con el territorio guaran\u00ed<\/strong><\/p>\n\n\n\n<p>El comunicado acusa \u00abComo si fuese poco vivir bajo la invasi\u00f3n de una multinacional y un ej\u00e9rcito de pinos en su territorio, miembros de la Comunidad Puente Quemado, ubicada en Garuhap\u00e9, son v\u00edctimas constantes del asedio de la empresa que va por todo. No hay respeto ni piedad, solamente intereses econ\u00f3micos y un desprecio inagotable por la vida humana y la biodiversidad. \u201cEs un monstruo grande y pisa fuerte\u201d, dice una famosa canci\u00f3n de Le\u00f3n Gieco. Arauco lo es\u00bb recalcan<\/p>\n\n\n\n<p>Pero la resistencia guaran\u00ed se impone cada vez con m\u00e1s fuerza ante los atropellos de los poderosos y la desidia del Estado. <strong>El pasado jueves, la paz de la Comunidad fue interrumpida ante una sorpresiva visita de cuatro miembros de la empresa, de la cual no fueron informados previamente, sino que debieron enfrentar un tenso momento en su Tekoa.<\/strong>&nbsp;<\/p>\n\n\n\n<p>Bajo una lluvia torrencial, las personas se presentaron con la firme intenci\u00f3n de dar rienda suelta a su negocio a costa del desalojo de las familias, de las que ni\u00f1os y ancianos forman parte.<\/p>\n\n\n\n<p>\u201c<strong>No me avisaron nada, no me mandaron ning\u00fan tipo de mensaje avisando que iban a venir. Llegaron de repente y nos sorprendi\u00f3 porque vinieron queriendo sacarnos de nuestro territorio porque piensan que es de ellos<\/strong>\u201d, cont\u00f3 el mburuvicha Santiago Ramos.<\/p>\n\n\n\n<figure class=\"wp-block-image size-large is-resized\"><img loading=\"lazy\" decoding=\"async\" src=\"https:\/\/actualizateiguazu.com\/v3\/wp-content\/uploads\/2022\/04\/IMG-20220411-WA0044-1024x768.jpg\" alt=\"\" class=\"wp-image-26694\" width=\"343\" height=\"256\" srcset=\"https:\/\/actualizateiguazu.com\/v3\/wp-content\/uploads\/2022\/04\/IMG-20220411-WA0044-1024x768.jpg 1024w, https:\/\/actualizateiguazu.com\/v3\/wp-content\/uploads\/2022\/04\/IMG-20220411-WA0044-300x225.jpg 300w, https:\/\/actualizateiguazu.com\/v3\/wp-content\/uploads\/2022\/04\/IMG-20220411-WA0044-768x576.jpg 768w, https:\/\/actualizateiguazu.com\/v3\/wp-content\/uploads\/2022\/04\/IMG-20220411-WA0044-720x540.jpg 720w, https:\/\/actualizateiguazu.com\/v3\/wp-content\/uploads\/2022\/04\/IMG-20220411-WA0044.jpg 1280w\" sizes=\"auto, (max-width: 343px) 100vw, 343px\" \/><\/figure>\n\n\n\n<p>\u201cMe pidieron que nos retiremos de la plantaci\u00f3n de ellos y me exig\u00edan ver la carpeta t\u00e9cnica. Tambi\u00e9n dijeron que quer\u00edan sacar los pinos y despu\u00e9s volver a plantar, pero les dije que no\u201d.<\/p>\n\n\n\n<p>Pese a su determinaci\u00f3n en aquel momento clave, Santiago confes\u00f3 que se sinti\u00f3 indefenso, desprotegido, pero seguro de sus derechos. \u201c<strong>Nos llegaron de sorpresa, para m\u00ed fue un susto, casi no pod\u00eda hablar, s\u00e9 que con las empresas tan grandes no tengo defensa<\/strong>\u201d, asegur\u00f3 en relaci\u00f3n al abandono que sufren por parte del Estado, que a trav\u00e9s de sus diferentes instituciones deber\u00eda defenderlos, pero resulta ser siempre aliado de los invasores.\u00a0<\/p>\n\n\n\n<figure class=\"wp-block-image size-large\"><img loading=\"lazy\" decoding=\"async\" width=\"1024\" height=\"923\" src=\"https:\/\/actualizateiguazu.com\/v3\/wp-content\/uploads\/2022\/04\/IMG-20220411-WA0042-1024x923.jpg\" alt=\"\" class=\"wp-image-26692\" srcset=\"https:\/\/actualizateiguazu.com\/v3\/wp-content\/uploads\/2022\/04\/IMG-20220411-WA0042-1024x923.jpg 1024w, https:\/\/actualizateiguazu.com\/v3\/wp-content\/uploads\/2022\/04\/IMG-20220411-WA0042-300x270.jpg 300w, https:\/\/actualizateiguazu.com\/v3\/wp-content\/uploads\/2022\/04\/IMG-20220411-WA0042-768x692.jpg 768w, https:\/\/actualizateiguazu.com\/v3\/wp-content\/uploads\/2022\/04\/IMG-20220411-WA0042.jpg 1065w\" sizes=\"auto, (max-width: 1024px) 100vw, 1024px\" \/><\/figure>\n\n\n\n<p>\u201c<strong>Ellos vinieron porque quieren sacar los pinos y volver a plantar, pero nosotros sabemos que tenemos el derecho de defender nuestro territorio, hace a\u00f1os est\u00e1 escrito en la Constituci\u00f3n Nacional<\/strong>\u201d, explic\u00f3 Santiago.<\/p>\n\n\n\n<p>Tal como mencion\u00f3, tras la reforma constitucional del a\u00f1o 1994, en el art\u00edculo 75, inciso 17, se reconoce su preexistencia y sus derechos humanos ind\u00edgenas, entre ellos la ocupaci\u00f3n de sus territorios ancestrales.<\/p>\n\n\n\n<p>Sin embargo, el neocolonialismo de Arauco y los intereses econ\u00f3micos que acarrea, busca despojarlos de su Tekoa, entendido como el monte y el \u00fanico lugar donde se dan las condiciones para ser Guaran\u00ed.<\/p>\n\n\n\n<p>&nbsp;Atentan, en otros t\u00e9rminos, contra su modo de ser y estar: su cultura.&nbsp;<\/p>\n\n\n\n<p><strong>\u201cMe dijeron que tengo que sacar de ah\u00ed a mi familia\u201d<\/strong><\/p>\n\n\n\n<p>Arauco insinu\u00f3 una alternativa que resulta macabra: casi en un tono piadoso, les ofreci\u00f3 el 1,5% -de una parte- de su territorio. Resulta il\u00f3gico pero es real.<strong> La Comunidad Puente Quemado fue relevada en el marco de la Ley 26160, mediante la cual se determin\u00f3 que le corresponden 659 hect\u00e1reas. En 333 de ellas la empresa plant\u00f3 pinos.<\/strong><\/p>\n\n\n\n<figure class=\"wp-block-image size-large is-resized\"><img loading=\"lazy\" decoding=\"async\" src=\"https:\/\/actualizateiguazu.com\/v3\/wp-content\/uploads\/2022\/04\/IMG-20220411-WA0043-1024x768.jpg\" alt=\"\" class=\"wp-image-26693\" width=\"329\" height=\"246\" srcset=\"https:\/\/actualizateiguazu.com\/v3\/wp-content\/uploads\/2022\/04\/IMG-20220411-WA0043-1024x768.jpg 1024w, https:\/\/actualizateiguazu.com\/v3\/wp-content\/uploads\/2022\/04\/IMG-20220411-WA0043-300x225.jpg 300w, https:\/\/actualizateiguazu.com\/v3\/wp-content\/uploads\/2022\/04\/IMG-20220411-WA0043-768x576.jpg 768w, https:\/\/actualizateiguazu.com\/v3\/wp-content\/uploads\/2022\/04\/IMG-20220411-WA0043-720x540.jpg 720w, https:\/\/actualizateiguazu.com\/v3\/wp-content\/uploads\/2022\/04\/IMG-20220411-WA0043.jpg 1280w\" sizes=\"auto, (max-width: 329px) 100vw, 329px\" \/><\/figure>\n\n\n\n<p>Arauco pretende que ocupen solamente cinco de esas 333, lo que representa el 1,5%. <strong>\u201cMe dijeron que tengo que sacar de ah\u00ed a mi familia y llevarlos a un espacio de cinco hect\u00e1reas, pero nuestro relevamiento dice que tenemos 659 hect\u00e1reas. Les dijimos que no, que es momento de ocupar todo nuestro territorio\u201d,<\/strong> afirm\u00f3 Santiago, casi con la voz entrecortada por la rabia y la impotencia.<\/p>\n\n\n\n<p>Con un dejo de tristeza, lament\u00f3 que \u201cla biodiversidad de su territorio fue exterminada por la empresa, hoy por hoy es solo monocultivo, hect\u00e1rea por hect\u00e1rea, ya no convivimos con la biodiversidad, que son todos los seres vivos\u201d.<\/p>\n\n\n\n<p>Un negocio cimentado en el modelo extractivista al que se sumaron los incendios, hicieron estragos en la selva. Tardar\u00e1 a\u00f1os en recuperarse, o quiz\u00e1s nunca lo haga. Lo poco que queda debe ser resguardado por los \u00fanicos capaces de hacerlo: los Guaran\u00ed.<\/p>\n","protected":false},"excerpt":{"rendered":"<p>El Equipo Misiones de Pastoral Aborigen (EMiPA) emiti\u00f3 un comunicado d\u00f3nde denuncia que los miembros<\/p>\n","protected":false},"author":1,"featured_media":26695,"comment_status":"open","ping_status":"open","sticky":false,"template":"","format":"standard","meta":{"footnotes":""},"categories":[1,229],"tags":[],"class_list":["post-26691","post","type-post","status-publish","format-standard","has-post-thumbnail","hentry","category-actualidad","category-provinciales"],"_links":{"self":[{"href":"https:\/\/actualizateiguazu.com\/v3\/wp-json\/wp\/v2\/posts\/26691","targetHints":{"allow":["GET"]}}],"collection":[{"href":"https:\/\/actualizateiguazu.com\/v3\/wp-json\/wp\/v2\/posts"}],"about":[{"href":"https:\/\/actualizateiguazu.com\/v3\/wp-json\/wp\/v2\/types\/post"}],"author":[{"embeddable":true,"href":"https:\/\/actualizateiguazu.com\/v3\/wp-json\/wp\/v2\/users\/1"}],"replies":[{"embeddable":true,"href":"https:\/\/actualizateiguazu.com\/v3\/wp-json\/wp\/v2\/comments?post=26691"}],"version-history":[{"count":1,"href":"https:\/\/actualizateiguazu.com\/v3\/wp-json\/wp\/v2\/posts\/26691\/revisions"}],"predecessor-version":[{"id":26696,"href":"https:\/\/actualizateiguazu.com\/v3\/wp-json\/wp\/v2\/posts\/26691\/revisions\/26696"}],"wp:featuredmedia":[{"embeddable":true,"href":"https:\/\/actualizateiguazu.com\/v3\/wp-json\/wp\/v2\/media\/26695"}],"wp:attachment":[{"href":"https:\/\/actualizateiguazu.com\/v3\/wp-json\/wp\/v2\/media?parent=26691"}],"wp:term":[{"taxonomy":"category","embeddable":true,"href":"https:\/\/actualizateiguazu.com\/v3\/wp-json\/wp\/v2\/categories?post=26691"},{"taxonomy":"post_tag","embeddable":true,"href":"https:\/\/actualizateiguazu.com\/v3\/wp-json\/wp\/v2\/tags?post=26691"}],"curies":[{"name":"wp","href":"https:\/\/api.w.org\/{rel}","templated":true}]}}