{"id":26726,"date":"2022-04-12T13:43:08","date_gmt":"2022-04-12T13:43:08","guid":{"rendered":"http:\/\/actualizateiguazu.com\/v3\/?p=26726"},"modified":"2022-04-12T13:43:12","modified_gmt":"2022-04-12T13:43:12","slug":"iguazu-denuncio-que-fue-atacada-por-un-policia-y-sus-familiares-en-pleno-centro-de-la-ciudad","status":"publish","type":"post","link":"https:\/\/actualizateiguazu.com\/v3\/2022\/04\/12\/iguazu-denuncio-que-fue-atacada-por-un-policia-y-sus-familiares-en-pleno-centro-de-la-ciudad\/","title":{"rendered":"Iguaz\u00fa: Denunci\u00f3 que fue atacada por un polic\u00eda y sus familiares en pleno centro de la ciudad"},"content":{"rendered":"\n<p>Una joven de 26 a\u00f1os de edad <strong>denunci\u00f3 anoche en la comisaria de la mujer un ataque que sufri\u00f3 al salir de su trabajo cerca de las 21hs en pleno centro de la ciudad<\/strong>. Seg\u00fan la denuncia, la esposa, suegra y hermana de un efectivo policial, <strong>que estaba presente en el lugar<\/strong>, <strong>intentaron atraparla y meterla en un autom\u00f3vil contra su voluntad<\/strong>. La joven tiene una orden de restricci\u00f3n y el polic\u00eda no pod\u00eda acercarse a ella hace varios meses.<\/p>\n\n\n\n<p>Este intento de secuestro <strong>no es un hecho aislado, la joven ya hab\u00eda denunciado al efectivo policial de nombre Nicol\u00e1s V, por hostigamiento, seg\u00fan el relato de la mujer en varias oportunidades la acoso en la v\u00eda p\u00fablica y amenaz\u00f3 por conflicto familiar. \u201cHoy tengo m\u00e1s miedo que antes, no s\u00e9 si hoy al salir de mi trabajo me van a volver a atacar\u201d<\/strong><\/p>\n\n\n\n<p>El conflicto comenz\u00f3 <strong>el pasado 18 de marzo del 2.021 cuando la joven Antonella F. se hizo presente en la Fiscal\u00eda del Juzgado de Instrucci\u00f3n Tres de Puerto Iguaz\u00fa para denunciar un hecho de violencia contra su integridad y repetidas amenazas de muerte por parte de un efectivo de la Polic\u00eda de Misiones, a quien identific\u00f3 como Nicol\u00e1s V, quien prestar\u00eda servicio en la Seccional Segunda. Y quien seg\u00fan sus dichos la golpe\u00f3 brutalmente, la insult\u00f3 y la amenaz\u00f3 que si lo denunciara la iba a matar.<\/strong><\/p>\n\n\n\n<p>En se momento la joven en dialogo con este medio \u00a0cont\u00f3 el primer \u00a0hecho de violencia se habr\u00eda registrado el 17 de marzo en una vivienda ubicada en el barrio 25 de Mayo, propiedad de su pareja, Gast\u00f3n L\u00f3pez. <strong>El conflicto se dio en el marco de la disputa por la propiedad que el efectivo habr\u00eda vendido a un tercero<\/strong>.<\/p>\n\n\n\n<p>La joven realizo varias denuncias en la fiscal\u00eda donde le aseguraron que el efectivo no la volver\u00eda a molestar, no obstante el hostigamiento contin\u00faa y ayer se registr\u00f3 un hecho de violencia.<\/p>\n\n\n\n<p>Nota relacionada: <a href=\"https:\/\/www.elterritorio.com.ar\/noticias\/2021\/03\/28\/698132-una-joven-denuncio-que-un-policia-la-golpeo-y-la-amenazo-de-muerte\">Una joven denuncio que un policia la golpeo y la amenazo de muerte<\/a><\/p>\n\n\n\n<p><\/p>\n","protected":false},"excerpt":{"rendered":"<p>Una joven de 26 a\u00f1os de edad denunci\u00f3 anoche en la comisaria de la mujer<\/p>\n","protected":false},"author":1,"featured_media":26727,"comment_status":"open","ping_status":"open","sticky":false,"template":"","format":"standard","meta":{"footnotes":""},"categories":[1],"tags":[],"class_list":["post-26726","post","type-post","status-publish","format-standard","has-post-thumbnail","hentry","category-actualidad"],"_links":{"self":[{"href":"https:\/\/actualizateiguazu.com\/v3\/wp-json\/wp\/v2\/posts\/26726","targetHints":{"allow":["GET"]}}],"collection":[{"href":"https:\/\/actualizateiguazu.com\/v3\/wp-json\/wp\/v2\/posts"}],"about":[{"href":"https:\/\/actualizateiguazu.com\/v3\/wp-json\/wp\/v2\/types\/post"}],"author":[{"embeddable":true,"href":"https:\/\/actualizateiguazu.com\/v3\/wp-json\/wp\/v2\/users\/1"}],"replies":[{"embeddable":true,"href":"https:\/\/actualizateiguazu.com\/v3\/wp-json\/wp\/v2\/comments?post=26726"}],"version-history":[{"count":1,"href":"https:\/\/actualizateiguazu.com\/v3\/wp-json\/wp\/v2\/posts\/26726\/revisions"}],"predecessor-version":[{"id":26728,"href":"https:\/\/actualizateiguazu.com\/v3\/wp-json\/wp\/v2\/posts\/26726\/revisions\/26728"}],"wp:featuredmedia":[{"embeddable":true,"href":"https:\/\/actualizateiguazu.com\/v3\/wp-json\/wp\/v2\/media\/26727"}],"wp:attachment":[{"href":"https:\/\/actualizateiguazu.com\/v3\/wp-json\/wp\/v2\/media?parent=26726"}],"wp:term":[{"taxonomy":"category","embeddable":true,"href":"https:\/\/actualizateiguazu.com\/v3\/wp-json\/wp\/v2\/categories?post=26726"},{"taxonomy":"post_tag","embeddable":true,"href":"https:\/\/actualizateiguazu.com\/v3\/wp-json\/wp\/v2\/tags?post=26726"}],"curies":[{"name":"wp","href":"https:\/\/api.w.org\/{rel}","templated":true}]}}