{"id":26737,"date":"2022-04-12T18:20:33","date_gmt":"2022-04-12T18:20:33","guid":{"rendered":"http:\/\/actualizateiguazu.com\/v3\/?p=26737"},"modified":"2022-04-12T18:20:56","modified_gmt":"2022-04-12T18:20:56","slug":"veintidos-localidades-misioneras-rubricaron-convenios-con-la-agencia-nacional-de-discapacidad","status":"publish","type":"post","link":"https:\/\/actualizateiguazu.com\/v3\/2022\/04\/12\/veintidos-localidades-misioneras-rubricaron-convenios-con-la-agencia-nacional-de-discapacidad\/","title":{"rendered":"Veintid\u00f3s localidades misioneras rubricaron convenios con la agencia nacional de discapacidad"},"content":{"rendered":"\n<p>El Gobernador <strong>particip\u00f3 en la firma de convenios entre la Agencia Nacional de Discapacidad (ANDIS) y 22 municipios misioneros, mediante el cual los gobiernos locales acercar\u00e1n asesoramiento directo sobre pensiones, programas y beneficios de la agencia<\/strong>.<\/p>\n\n\n\n<p>Mediante la firma de un convenio de cooperaci\u00f3n, rubricado esta ma\u00f1ana entre la ANDIS y 22 municipios misioneros, se facilitar\u00e1 el acceso y realizaci\u00f3n de tr\u00e1mites y consultas sobre pensiones no contributivas y adhesi\u00f3n al Programa Federal Incluir Salud, entre otros beneficios. Luego de la firma, el gobernador Oscar Herrera Ahuad valor\u00f3 estas instancias en las que el Estado Nacional, provincial y municipal, se unen para acercar beneficios y facilitar la gesti\u00f3n de tr\u00e1mites a las personas con discapacidades y a sus familias.<\/p>\n\n\n\n<figure class=\"wp-block-image size-large\"><img loading=\"lazy\" decoding=\"async\" width=\"1024\" height=\"684\" src=\"https:\/\/actualizateiguazu.com\/v3\/wp-content\/uploads\/2022\/04\/Copia-de-2022-04-12-Posadas-Firma-Convenio-Cooperacion-Territorial-33-1024x684.jpg\" alt=\"\" class=\"wp-image-26738\" srcset=\"https:\/\/actualizateiguazu.com\/v3\/wp-content\/uploads\/2022\/04\/Copia-de-2022-04-12-Posadas-Firma-Convenio-Cooperacion-Territorial-33-1024x684.jpg 1024w, https:\/\/actualizateiguazu.com\/v3\/wp-content\/uploads\/2022\/04\/Copia-de-2022-04-12-Posadas-Firma-Convenio-Cooperacion-Territorial-33-300x200.jpg 300w, https:\/\/actualizateiguazu.com\/v3\/wp-content\/uploads\/2022\/04\/Copia-de-2022-04-12-Posadas-Firma-Convenio-Cooperacion-Territorial-33-768x513.jpg 768w, https:\/\/actualizateiguazu.com\/v3\/wp-content\/uploads\/2022\/04\/Copia-de-2022-04-12-Posadas-Firma-Convenio-Cooperacion-Territorial-33-1536x1025.jpg 1536w, https:\/\/actualizateiguazu.com\/v3\/wp-content\/uploads\/2022\/04\/Copia-de-2022-04-12-Posadas-Firma-Convenio-Cooperacion-Territorial-33-2048x1367.jpg 2048w\" sizes=\"auto, (max-width: 1024px) 100vw, 1024px\" \/><\/figure>\n\n\n\n<p>\u201c<strong>Misiones tiene una larga historia en el concepto de la tarea y del trabajo de la discapacidad, pero sobre todo de las pensiones por discapacidad<\/strong>\u201d, resalt\u00f3 el mandatario. As\u00ed, remarc\u00f3 que este convenio es fundamental no s\u00f3lo en lo referido a la capacitaci\u00f3n del recurso humano, sino por dar \u201c<strong>la posibilidad de formar a la gente para que en nuestros municipios tengamos equipos de trabajo que entiendan la problem\u00e1tica, los planteos, los reclamos o c\u00f3mo elevar la documentaci\u00f3n<\/strong>\u201d.<\/p>\n\n\n\n<p>Asegur\u00f3 estar convencido de que se est\u00e1 allanando el camino a una parte de la poblaci\u00f3n que demanda y que tienen sus derechos y expres\u00f3 que es posible gracias a la excelente voluntad de la Naci\u00f3n como los responsables en la provincia. Igualmente remarc\u00f3 Herrera Ahuad que el papel de los involucrados en los distintos niveles estatales \u201c<strong>va todo en una misma direcci\u00f3n, que es proteger y cuidar a las personas discapacitadas<\/strong>\u201d, una cuesti\u00f3n con la que, admiti\u00f3, se siente identificado al tener una discapacidad auditiva y comprender las dificultades para tramitar documentaci\u00f3n.&nbsp;<\/p>\n\n\n\n<p>Finalmente, <strong>el Gobernador enfatiz\u00f3 la importancia de que los municipios tengan sus equipos integrados con recurso humano capacitado en la problem\u00e1tica, capaz de establecer una conexi\u00f3n directa, agilizar tareas administrativas y atender personas con discapacidad de manera r\u00e1pida y eficiente.\u00a0<\/strong><\/p>\n\n\n\n<figure class=\"wp-block-image size-large\"><img loading=\"lazy\" decoding=\"async\" width=\"1024\" height=\"684\" src=\"https:\/\/actualizateiguazu.com\/v3\/wp-content\/uploads\/2022\/04\/Copia-de-2022-04-12-Posadas-Firma-Convenio-Cooperacion-Territorial-34-1024x684.jpg\" alt=\"\" class=\"wp-image-26741\" srcset=\"https:\/\/actualizateiguazu.com\/v3\/wp-content\/uploads\/2022\/04\/Copia-de-2022-04-12-Posadas-Firma-Convenio-Cooperacion-Territorial-34-1024x684.jpg 1024w, https:\/\/actualizateiguazu.com\/v3\/wp-content\/uploads\/2022\/04\/Copia-de-2022-04-12-Posadas-Firma-Convenio-Cooperacion-Territorial-34-300x200.jpg 300w, https:\/\/actualizateiguazu.com\/v3\/wp-content\/uploads\/2022\/04\/Copia-de-2022-04-12-Posadas-Firma-Convenio-Cooperacion-Territorial-34-768x513.jpg 768w, https:\/\/actualizateiguazu.com\/v3\/wp-content\/uploads\/2022\/04\/Copia-de-2022-04-12-Posadas-Firma-Convenio-Cooperacion-Territorial-34-1536x1025.jpg 1536w, https:\/\/actualizateiguazu.com\/v3\/wp-content\/uploads\/2022\/04\/Copia-de-2022-04-12-Posadas-Firma-Convenio-Cooperacion-Territorial-34-2048x1367.jpg 2048w\" sizes=\"auto, (max-width: 1024px) 100vw, 1024px\" \/><\/figure>\n\n\n\n<p><strong>Un avance de gesti\u00f3n<\/strong><\/p>\n\n\n\n<p>A su turno, la titular de la Direcci\u00f3n Nacional de Apoyos y Asignaciones Econ\u00f3micas de la Agencia, Paula Mart\u00ednez, expres\u00f3 que \u201c<strong>estos convenios de colaboraci\u00f3n son fundamentales para el avance de la gesti\u00f3n, el abordaje de las pol\u00edticas p\u00fablicas que tienen que ver con discapacidad<\/strong>\u201d. Indic\u00f3 que su presencia est\u00e1 directamente vinculada con m\u00e1s reconocimiento de derechos, celebr\u00f3 el encuentro y agradeci\u00f3 \u201c<strong>que podamos trabajar todos juntos para el reconocimiento de los derechos de las personas con discapacidad, as\u00ed que tenemos mucho trabajo por delante<\/strong>\u201d.&nbsp;<\/p>\n\n\n\n<p>Adem\u00e1s, la firma estuvo acompa\u00f1ada por el ministro coordinador de Gabinete, Ricardo Wellbach; el ministro de Salud, Oscar Alarc\u00f3n; la ministra de Trabajo, Silvana Gim\u00e9nez; funcionarios e integrantes de la ANDIS como la asesora territorial, Amanda \u00c1lvarez y el secretario y agente de Pedido de Documentaci\u00f3n, Sebasti\u00e1n Cohen.&nbsp;<\/p>\n\n\n\n<p>Asimismo, asistieron los jefes comunales de los municipios firmantes: San Ignacio, Bonpland, San Antonio, Puerto Libertad, Wanda, Olegario Andrade, Cerro Cora, Profundidad, Andresito, Montecarlo, Campo Grande, Gobernador Roca, Corpus Cristi, El Alc\u00e1zar, Caraguatay, Santa Ana, San Jos\u00e9, Colonia Polana, Puerto Esperanza, Puerto Piray, Eldorado y San Javier<\/p>\n\n\n\n<p><strong>Un abordaje que facilita la accesibilidad\u00a0<\/strong><\/p>\n\n\n\n<figure class=\"wp-block-image size-large\"><img loading=\"lazy\" decoding=\"async\" width=\"1024\" height=\"684\" src=\"https:\/\/actualizateiguazu.com\/v3\/wp-content\/uploads\/2022\/04\/Copia-de-2022-04-12-Posadas-Firma-Convenio-Cooperacion-Territorial-26-1024x684.jpg\" alt=\"\" class=\"wp-image-26739\" srcset=\"https:\/\/actualizateiguazu.com\/v3\/wp-content\/uploads\/2022\/04\/Copia-de-2022-04-12-Posadas-Firma-Convenio-Cooperacion-Territorial-26-1024x684.jpg 1024w, https:\/\/actualizateiguazu.com\/v3\/wp-content\/uploads\/2022\/04\/Copia-de-2022-04-12-Posadas-Firma-Convenio-Cooperacion-Territorial-26-300x200.jpg 300w, https:\/\/actualizateiguazu.com\/v3\/wp-content\/uploads\/2022\/04\/Copia-de-2022-04-12-Posadas-Firma-Convenio-Cooperacion-Territorial-26-768x513.jpg 768w, https:\/\/actualizateiguazu.com\/v3\/wp-content\/uploads\/2022\/04\/Copia-de-2022-04-12-Posadas-Firma-Convenio-Cooperacion-Territorial-26-1536x1025.jpg 1536w, https:\/\/actualizateiguazu.com\/v3\/wp-content\/uploads\/2022\/04\/Copia-de-2022-04-12-Posadas-Firma-Convenio-Cooperacion-Territorial-26-2048x1367.jpg 2048w\" sizes=\"auto, (max-width: 1024px) 100vw, 1024px\" \/><\/figure>\n\n\n\n<p>El convenio firmado hoy apunta a la articulaci\u00f3n y desarrollo de acciones de abordaje y despliegue local para el asesoramiento y\/o la tramitaci\u00f3n de los programas y prestaciones ejecutados y\/o gestionados desde la ANDIS. El objetivo es la articulaci\u00f3n entre las partes para agilizar tr\u00e1mites ante la agencia y ejecuci\u00f3n de programas. As\u00ed, la Agencia, se compromete a brindar capacitaciones al personal designado de cada municipio, que a su vez oficiar\u00e1 de nexo directo para las acciones administrativas y de gesti\u00f3n. Adem\u00e1s, aportar\u00e1 carteler\u00eda y folleter\u00eda explicativa sobre sus diversos programas y herramientas.<\/p>\n\n\n\n<p>En tanto, los municipios se comprometen a poner a disposici\u00f3n su infraestructura, recursos t\u00e9cnicos y humanos para llevar adelante el asesoramiento y tramitaci\u00f3n de programas y prestaciones&nbsp; De esta manera, las comunas podr\u00e1n luego de las capacitaciones, asesorar, brindar informaci\u00f3n e iniciar la tramitaci\u00f3n de pensiones econ\u00f3micas no contributivas, el Programa federal de salud Incluir Salud, programas para personas con discapacidad, el Certificado \u00danico de Discapacidad (CUD), el s\u00edmbolo internacional de acceso y la franquicia impositiva para la adquisici\u00f3n de automotores<\/p>\n\n\n\n<p>Inclusive, se podr\u00e1 recibir la documentaci\u00f3n solicitada que surja de la evaluaci\u00f3n del tr\u00e1mite y asistir en la confecci\u00f3n de declaraciones juradas y encuesta socioecon\u00f3mica complementaria, recepcionar reclamos relacionados con dep\u00f3sitos judiciales, de haberes impagos; cambio de boca de pago, entre otros.&nbsp;<\/p>\n\n\n\n<p>Todo esto se enmarca en un acuerdo que es parte integrante de las acciones enmarcadas en el Plan Integral para la Promoci\u00f3n y Protecci\u00f3n de los derechos de las personas con discapacidad en el \u00e1mbito local \u00abACCESAR\u00bb, llevado adelante por la ANDIS, el cual tiene una vigencia de dos a\u00f1os, renov\u00e1ndose autom\u00e1ticamente por igual periodo.<\/p>\n","protected":false},"excerpt":{"rendered":"<p>El Gobernador particip\u00f3 en la firma de convenios entre la Agencia Nacional de Discapacidad (ANDIS)<\/p>\n","protected":false},"author":1,"featured_media":26740,"comment_status":"open","ping_status":"open","sticky":false,"template":"","format":"standard","meta":{"footnotes":""},"categories":[1,229],"tags":[],"class_list":["post-26737","post","type-post","status-publish","format-standard","has-post-thumbnail","hentry","category-actualidad","category-provinciales"],"_links":{"self":[{"href":"https:\/\/actualizateiguazu.com\/v3\/wp-json\/wp\/v2\/posts\/26737","targetHints":{"allow":["GET"]}}],"collection":[{"href":"https:\/\/actualizateiguazu.com\/v3\/wp-json\/wp\/v2\/posts"}],"about":[{"href":"https:\/\/actualizateiguazu.com\/v3\/wp-json\/wp\/v2\/types\/post"}],"author":[{"embeddable":true,"href":"https:\/\/actualizateiguazu.com\/v3\/wp-json\/wp\/v2\/users\/1"}],"replies":[{"embeddable":true,"href":"https:\/\/actualizateiguazu.com\/v3\/wp-json\/wp\/v2\/comments?post=26737"}],"version-history":[{"count":2,"href":"https:\/\/actualizateiguazu.com\/v3\/wp-json\/wp\/v2\/posts\/26737\/revisions"}],"predecessor-version":[{"id":26743,"href":"https:\/\/actualizateiguazu.com\/v3\/wp-json\/wp\/v2\/posts\/26737\/revisions\/26743"}],"wp:featuredmedia":[{"embeddable":true,"href":"https:\/\/actualizateiguazu.com\/v3\/wp-json\/wp\/v2\/media\/26740"}],"wp:attachment":[{"href":"https:\/\/actualizateiguazu.com\/v3\/wp-json\/wp\/v2\/media?parent=26737"}],"wp:term":[{"taxonomy":"category","embeddable":true,"href":"https:\/\/actualizateiguazu.com\/v3\/wp-json\/wp\/v2\/categories?post=26737"},{"taxonomy":"post_tag","embeddable":true,"href":"https:\/\/actualizateiguazu.com\/v3\/wp-json\/wp\/v2\/tags?post=26737"}],"curies":[{"name":"wp","href":"https:\/\/api.w.org\/{rel}","templated":true}]}}