{"id":26784,"date":"2022-04-13T22:55:51","date_gmt":"2022-04-13T22:55:51","guid":{"rendered":"http:\/\/actualizateiguazu.com\/v3\/?p=26784"},"modified":"2022-04-13T22:55:59","modified_gmt":"2022-04-13T22:55:59","slug":"operativo-el-hogar-de-dia-en-tu-barrio-en-iguazu-alcanzo-a-mas-de-100-familias","status":"publish","type":"post","link":"https:\/\/actualizateiguazu.com\/v3\/2022\/04\/13\/operativo-el-hogar-de-dia-en-tu-barrio-en-iguazu-alcanzo-a-mas-de-100-familias\/","title":{"rendered":"Operativo \u201cEl Hogar de D\u00eda en tu barrio\u201d en Iguaz\u00fa alcanz\u00f3 a m\u00e1s de 100 familias"},"content":{"rendered":"\n<p>El Operativo de Atenci\u00f3n Integral denominado el <strong>\u201cEl Hogar de D\u00eda en tu barrio\u201d se realiz\u00f3 en el Hogar de D\u00eda Iguaz\u00fa en las jornadas del martes y mi\u00e9rcoles para brindar atenci\u00f3n a unas 100 familias<\/strong>, en su mayor\u00eda participantes de la instituci\u00f3n.<\/p>\n\n\n\n<p>El operativo cont\u00f3 con la colaboraci\u00f3n del Ministerio de Salud P\u00fablica, el Instituto de Previsi\u00f3n Social y de la Municipalidad. <strong>Hubo atenci\u00f3n m\u00e9dica pedi\u00e1trica, enfermer\u00eda con control de peso y talla de cada ni\u00f1o; as\u00ed como asesoramiento jur\u00eddico y social a cargo del equipo interdisciplinario. Desde el \u00e1rea de vacunaci\u00f3n de Salud P\u00fablica a m\u00e1s de 100 chicos se complet\u00f3 el calendario, adem\u00e1s del esquema anti Covid y antigripal. <\/strong><\/p>\n\n\n\n<figure class=\"wp-block-image size-large\"><img loading=\"lazy\" decoding=\"async\" width=\"1024\" height=\"768\" src=\"https:\/\/actualizateiguazu.com\/v3\/wp-content\/uploads\/2022\/04\/Operativo-Iguazu-3-1024x768.jpg\" alt=\"\" class=\"wp-image-26786\" srcset=\"https:\/\/actualizateiguazu.com\/v3\/wp-content\/uploads\/2022\/04\/Operativo-Iguazu-3-1024x768.jpg 1024w, https:\/\/actualizateiguazu.com\/v3\/wp-content\/uploads\/2022\/04\/Operativo-Iguazu-3-300x225.jpg 300w, https:\/\/actualizateiguazu.com\/v3\/wp-content\/uploads\/2022\/04\/Operativo-Iguazu-3-768x576.jpg 768w, https:\/\/actualizateiguazu.com\/v3\/wp-content\/uploads\/2022\/04\/Operativo-Iguazu-3-1536x1152.jpg 1536w, https:\/\/actualizateiguazu.com\/v3\/wp-content\/uploads\/2022\/04\/Operativo-Iguazu-3-720x540.jpg 720w, https:\/\/actualizateiguazu.com\/v3\/wp-content\/uploads\/2022\/04\/Operativo-Iguazu-3.jpg 1600w\" sizes=\"auto, (max-width: 1024px) 100vw, 1024px\" \/><\/figure>\n\n\n\n<p>En el marco del <strong>operativo se realizaron las planillas de ANSES y de aptitud f\u00edsica.<\/strong> Entre los servicios que se brindaron tambi\u00e9n hubo cortes de pelo, manicura, taller de danzas \u00e1rabes y manualidades a cargo del \u00e1rea de Cultura de la Municipalidad. El IPS dict\u00f3 una charla de RCP, que estuvo a cargo del Jefe de Enfermer\u00eda, Jos\u00e9 Samuel Vel\u00e1zquez.<\/p>\n\n\n\n<figure class=\"wp-block-image size-large\"><img loading=\"lazy\" decoding=\"async\" width=\"768\" height=\"1024\" src=\"https:\/\/actualizateiguazu.com\/v3\/wp-content\/uploads\/2022\/04\/Operativo-Iguazu-2-768x1024.jpg\" alt=\"\" class=\"wp-image-26787\" srcset=\"https:\/\/actualizateiguazu.com\/v3\/wp-content\/uploads\/2022\/04\/Operativo-Iguazu-2-768x1024.jpg 768w, https:\/\/actualizateiguazu.com\/v3\/wp-content\/uploads\/2022\/04\/Operativo-Iguazu-2-225x300.jpg 225w, https:\/\/actualizateiguazu.com\/v3\/wp-content\/uploads\/2022\/04\/Operativo-Iguazu-2-1152x1536.jpg 1152w, https:\/\/actualizateiguazu.com\/v3\/wp-content\/uploads\/2022\/04\/Operativo-Iguazu-2-450x600.jpg 450w, https:\/\/actualizateiguazu.com\/v3\/wp-content\/uploads\/2022\/04\/Operativo-Iguazu-2.jpg 1200w\" sizes=\"auto, (max-width: 768px) 100vw, 768px\" \/><\/figure>\n\n\n\n<p>El Subsecretario de Prevenci\u00f3n de Adicciones y Monitoreo Territorial, Roberto Padilla, destac\u00f3 la participaci\u00f3n de las familias para realizar los controles, as\u00ed como la vacunaci\u00f3n. Junto al Director General de los Hogares, Lic. Sebasti\u00e1n Franco y el Director del Hogar de Iguaz\u00fa, Lic. Ricardo Romero, mantuvieron una reuni\u00f3n con el coordinador de Zona Norte, Lic. Hugo L\u00f3pez, y el Director de Conductas Adictivas del municipio, Daniel Peralta, para continuar con la coordinaci\u00f3n de acciones preventivas en el municipio.<\/p>\n","protected":false},"excerpt":{"rendered":"<p>El Operativo de Atenci\u00f3n Integral denominado el \u201cEl Hogar de D\u00eda en tu barrio\u201d se<\/p>\n","protected":false},"author":1,"featured_media":26785,"comment_status":"open","ping_status":"open","sticky":false,"template":"","format":"standard","meta":{"footnotes":""},"categories":[1,226,231],"tags":[],"class_list":["post-26784","post","type-post","status-publish","format-standard","has-post-thumbnail","hentry","category-actualidad","category-locales","category-salud"],"_links":{"self":[{"href":"https:\/\/actualizateiguazu.com\/v3\/wp-json\/wp\/v2\/posts\/26784","targetHints":{"allow":["GET"]}}],"collection":[{"href":"https:\/\/actualizateiguazu.com\/v3\/wp-json\/wp\/v2\/posts"}],"about":[{"href":"https:\/\/actualizateiguazu.com\/v3\/wp-json\/wp\/v2\/types\/post"}],"author":[{"embeddable":true,"href":"https:\/\/actualizateiguazu.com\/v3\/wp-json\/wp\/v2\/users\/1"}],"replies":[{"embeddable":true,"href":"https:\/\/actualizateiguazu.com\/v3\/wp-json\/wp\/v2\/comments?post=26784"}],"version-history":[{"count":1,"href":"https:\/\/actualizateiguazu.com\/v3\/wp-json\/wp\/v2\/posts\/26784\/revisions"}],"predecessor-version":[{"id":26789,"href":"https:\/\/actualizateiguazu.com\/v3\/wp-json\/wp\/v2\/posts\/26784\/revisions\/26789"}],"wp:featuredmedia":[{"embeddable":true,"href":"https:\/\/actualizateiguazu.com\/v3\/wp-json\/wp\/v2\/media\/26785"}],"wp:attachment":[{"href":"https:\/\/actualizateiguazu.com\/v3\/wp-json\/wp\/v2\/media?parent=26784"}],"wp:term":[{"taxonomy":"category","embeddable":true,"href":"https:\/\/actualizateiguazu.com\/v3\/wp-json\/wp\/v2\/categories?post=26784"},{"taxonomy":"post_tag","embeddable":true,"href":"https:\/\/actualizateiguazu.com\/v3\/wp-json\/wp\/v2\/tags?post=26784"}],"curies":[{"name":"wp","href":"https:\/\/api.w.org\/{rel}","templated":true}]}}