{"id":26916,"date":"2022-04-19T01:28:03","date_gmt":"2022-04-19T01:28:03","guid":{"rendered":"http:\/\/actualizateiguazu.com\/v3\/?p=26916"},"modified":"2022-04-19T01:28:08","modified_gmt":"2022-04-19T01:28:08","slug":"manana-prefectura-realizaria-una-inspeccion-para-autorizar-el-regreso-del-servicio-de-balsa","status":"publish","type":"post","link":"https:\/\/actualizateiguazu.com\/v3\/2022\/04\/19\/manana-prefectura-realizaria-una-inspeccion-para-autorizar-el-regreso-del-servicio-de-balsa\/","title":{"rendered":"Ma\u00f1ana prefectura realizaria una inspecci\u00f3n para autorizar el regreso del servicio de balsa"},"content":{"rendered":"\n<p>Pese a los anuncios de inicio del servicio de balsa, este lunes <strong>no se concret\u00f3 debido a una serie de cuestiones que deb\u00edan resolverse<\/strong>. Estiman que por la ma\u00f1ana del martes, podr\u00eda comenzar a funcionar luego de la inspecci\u00f3n que debe realizar Prefectura Naval Argentina.<strong> A\u00fan no se dieron a conocer los costos del servicio, la frecuencia el horario de inicio de las actividades.<\/strong><\/p>\n\n\n\n<p>Seg\u00fan pudo averiguar este medio, en la ma\u00f1ana de este lunes personal de Migraciones se acerc\u00f3 a poner en condiciones el puesto migratorio que esta fuera de servicio desde el 13 de marzo del 2.020. <strong>Por parte de Migraciones ma\u00f1ana por la ma\u00f1ana estar\u00eda en condiciones de funcionar, no obstante se desconocen los horarios de funcionamiento de la balsa.<\/strong><\/p>\n\n\n\n<p>Por la ma\u00f1ana de este martes luego de las inspecciones dar\u00e1n a conocer si vuelve a funcionar el servicio.<\/p>\n","protected":false},"excerpt":{"rendered":"<p>Pese a los anuncios de inicio del servicio de balsa, este lunes no se concret\u00f3<\/p>\n","protected":false},"author":1,"featured_media":26825,"comment_status":"open","ping_status":"open","sticky":false,"template":"","format":"standard","meta":{"footnotes":""},"categories":[1,226],"tags":[],"class_list":["post-26916","post","type-post","status-publish","format-standard","has-post-thumbnail","hentry","category-actualidad","category-locales"],"_links":{"self":[{"href":"https:\/\/actualizateiguazu.com\/v3\/wp-json\/wp\/v2\/posts\/26916","targetHints":{"allow":["GET"]}}],"collection":[{"href":"https:\/\/actualizateiguazu.com\/v3\/wp-json\/wp\/v2\/posts"}],"about":[{"href":"https:\/\/actualizateiguazu.com\/v3\/wp-json\/wp\/v2\/types\/post"}],"author":[{"embeddable":true,"href":"https:\/\/actualizateiguazu.com\/v3\/wp-json\/wp\/v2\/users\/1"}],"replies":[{"embeddable":true,"href":"https:\/\/actualizateiguazu.com\/v3\/wp-json\/wp\/v2\/comments?post=26916"}],"version-history":[{"count":1,"href":"https:\/\/actualizateiguazu.com\/v3\/wp-json\/wp\/v2\/posts\/26916\/revisions"}],"predecessor-version":[{"id":26917,"href":"https:\/\/actualizateiguazu.com\/v3\/wp-json\/wp\/v2\/posts\/26916\/revisions\/26917"}],"wp:featuredmedia":[{"embeddable":true,"href":"https:\/\/actualizateiguazu.com\/v3\/wp-json\/wp\/v2\/media\/26825"}],"wp:attachment":[{"href":"https:\/\/actualizateiguazu.com\/v3\/wp-json\/wp\/v2\/media?parent=26916"}],"wp:term":[{"taxonomy":"category","embeddable":true,"href":"https:\/\/actualizateiguazu.com\/v3\/wp-json\/wp\/v2\/categories?post=26916"},{"taxonomy":"post_tag","embeddable":true,"href":"https:\/\/actualizateiguazu.com\/v3\/wp-json\/wp\/v2\/tags?post=26916"}],"curies":[{"name":"wp","href":"https:\/\/api.w.org\/{rel}","templated":true}]}}