{"id":26921,"date":"2022-04-19T10:04:44","date_gmt":"2022-04-19T10:04:44","guid":{"rendered":"http:\/\/actualizateiguazu.com\/v3\/?p=26921"},"modified":"2022-04-19T10:04:48","modified_gmt":"2022-04-19T10:04:48","slug":"por-la-bajante-del-rio-no-se-pudo-restablecer-el-servicio-de-balsas-en-iguazu","status":"publish","type":"post","link":"https:\/\/actualizateiguazu.com\/v3\/2022\/04\/19\/por-la-bajante-del-rio-no-se-pudo-restablecer-el-servicio-de-balsas-en-iguazu\/","title":{"rendered":"Por la bajante del rio no se pudo restablecer el servicio de balsas en Iguaz\u00fa"},"content":{"rendered":"\n<p>Tras reuni\u00f3n en la Armada Naval Argentina de Puerto Iguaz\u00fa realizada el mi\u00e9rcoles de la semana pasada, se hab\u00eda anunciado que desde ayer volver\u00eda a funcionar el servicio de balsas sobre el r\u00edo Iguaz\u00fa y Paran\u00e1 entre las ciudades las Presidente Franco, Paraguay, y Puerto Iguaz\u00fa, Argentina, pero no fue as\u00ed. <strong>Se esperan inspecciones para determinar la navegabilidad del rio para que la empresa pueda operar con seguridad.<\/strong><\/p>\n\n\n\n<p>Si bien fue anunciada la rehabilitaci\u00f3n del paso fronterizo v\u00eda balsa, <strong>no pudo realizarse porque el fin de semana la altura del rio volvi\u00f3 a descender y el nivel en el puerto Tres Fronteras no es el apto para el anclaje la embarcaci\u00f3n citada<\/strong>. Cabe destacar que la bajante extraordinaria del rio se dio durante la pandemia y este servicio estaba suspendido, es la primera vez que los operadores del servicio se encuentran con este problema.<\/p>\n\n\n\n<figure class=\"wp-block-image size-large\"><img loading=\"lazy\" decoding=\"async\" width=\"1024\" height=\"768\" src=\"https:\/\/actualizateiguazu.com\/v3\/wp-content\/uploads\/2022\/04\/IMG_20220413_105207887-1024x768.jpg\" alt=\"\" class=\"wp-image-26825\" srcset=\"https:\/\/actualizateiguazu.com\/v3\/wp-content\/uploads\/2022\/04\/IMG_20220413_105207887-1024x768.jpg 1024w, https:\/\/actualizateiguazu.com\/v3\/wp-content\/uploads\/2022\/04\/IMG_20220413_105207887-300x225.jpg 300w, https:\/\/actualizateiguazu.com\/v3\/wp-content\/uploads\/2022\/04\/IMG_20220413_105207887-768x576.jpg 768w, https:\/\/actualizateiguazu.com\/v3\/wp-content\/uploads\/2022\/04\/IMG_20220413_105207887-1536x1152.jpg 1536w, https:\/\/actualizateiguazu.com\/v3\/wp-content\/uploads\/2022\/04\/IMG_20220413_105207887-2048x1536.jpg 2048w, https:\/\/actualizateiguazu.com\/v3\/wp-content\/uploads\/2022\/04\/IMG_20220413_105207887-720x540.jpg 720w\" sizes=\"auto, (max-width: 1024px) 100vw, 1024px\" \/><figcaption>Balsa anclada del lado argentino<\/figcaption><\/figure>\n\n\n\n<p>Seg\u00fan publica La Naci\u00f3n de Paraguay, el empresario Jovino Urunaga, de la empresa Intercom SACI, que opera el cruce en balsa en consorcio con la argentina Balsas Iguaz\u00fa, <strong>el servicio no pudo brindarse el lunes sin embargo, dej\u00f3 abierta la posibilidad de que sea habilitado un puerto interino bajo el Puente de Integraci\u00f3n, donde la caracter\u00edstica es la apropiada para que pueda llegar la balsa<\/strong>.<\/p>\n\n\n\n<p>\u201c<strong>Esta ma\u00f1ana (ayer) estuvimos en el lugar con gente de Itaip\u00fa, margen brasile\u00f1a, y la empresa constructora del Puente de Integraci\u00f3n para ver la opci\u00f3n de utilizar la costa bajo el nuevo puente con la finalidad de hacer operar la balsa, hasta tanto se den las condiciones de nuevo en el puerto Tres Fronteras<\/strong>\u201d, explic\u00f3 Urunaga. Mencion\u00f3 que hay poca distancia entre ambos lugares, pero por las caracter\u00edsticas en cuanto a la formaci\u00f3n de piedras, bajo el puente, no hay condiciones.<\/p>\n\n\n\n<p>\u201cLes hice la propuesta y quedaron en responder, despu\u00e9s de hacer las consultas respectivas\u201d, dijo sobre la posibilidad de cambio.<\/p>\n\n\n\n<p>Por su parte del lado argentino el personal de Migraciones puso en condiciones el puesto y esperan la respuesta tanto de prefectura como de las autoridades paraguayas para permitir o no el inicio de la actividad. Se desconocen los horarios de funcionamiento, frecuencias y el costo del servicio.<\/p>\n\n\n\n<p>Foto principal gentileza ABC Color<\/p>\n","protected":false},"excerpt":{"rendered":"<p>Tras reuni\u00f3n en la Armada Naval Argentina de Puerto Iguaz\u00fa realizada el mi\u00e9rcoles de la<\/p>\n","protected":false},"author":1,"featured_media":26922,"comment_status":"open","ping_status":"open","sticky":false,"template":"","format":"standard","meta":{"footnotes":""},"categories":[1,225,226],"tags":[],"class_list":["post-26921","post","type-post","status-publish","format-standard","has-post-thumbnail","hentry","category-actualidad","category-internacionales","category-locales"],"_links":{"self":[{"href":"https:\/\/actualizateiguazu.com\/v3\/wp-json\/wp\/v2\/posts\/26921","targetHints":{"allow":["GET"]}}],"collection":[{"href":"https:\/\/actualizateiguazu.com\/v3\/wp-json\/wp\/v2\/posts"}],"about":[{"href":"https:\/\/actualizateiguazu.com\/v3\/wp-json\/wp\/v2\/types\/post"}],"author":[{"embeddable":true,"href":"https:\/\/actualizateiguazu.com\/v3\/wp-json\/wp\/v2\/users\/1"}],"replies":[{"embeddable":true,"href":"https:\/\/actualizateiguazu.com\/v3\/wp-json\/wp\/v2\/comments?post=26921"}],"version-history":[{"count":1,"href":"https:\/\/actualizateiguazu.com\/v3\/wp-json\/wp\/v2\/posts\/26921\/revisions"}],"predecessor-version":[{"id":26923,"href":"https:\/\/actualizateiguazu.com\/v3\/wp-json\/wp\/v2\/posts\/26921\/revisions\/26923"}],"wp:featuredmedia":[{"embeddable":true,"href":"https:\/\/actualizateiguazu.com\/v3\/wp-json\/wp\/v2\/media\/26922"}],"wp:attachment":[{"href":"https:\/\/actualizateiguazu.com\/v3\/wp-json\/wp\/v2\/media?parent=26921"}],"wp:term":[{"taxonomy":"category","embeddable":true,"href":"https:\/\/actualizateiguazu.com\/v3\/wp-json\/wp\/v2\/categories?post=26921"},{"taxonomy":"post_tag","embeddable":true,"href":"https:\/\/actualizateiguazu.com\/v3\/wp-json\/wp\/v2\/tags?post=26921"}],"curies":[{"name":"wp","href":"https:\/\/api.w.org\/{rel}","templated":true}]}}