{"id":26927,"date":"2022-04-19T11:24:16","date_gmt":"2022-04-19T11:24:16","guid":{"rendered":"http:\/\/actualizateiguazu.com\/v3\/?p=26927"},"modified":"2022-04-19T11:24:20","modified_gmt":"2022-04-19T11:24:20","slug":"el-tuky-speranza-participo-del-primer-campamento-paralimpico-de-tiro-con-arco","status":"publish","type":"post","link":"https:\/\/actualizateiguazu.com\/v3\/2022\/04\/19\/el-tuky-speranza-participo-del-primer-campamento-paralimpico-de-tiro-con-arco\/","title":{"rendered":"El Tuky Speranza particip\u00f3 del primer campamento paral\u00edmpico de tiro con arco"},"content":{"rendered":"\n<p>El Comit\u00e9 de Tiro Adaptado y Paral\u00edmpico, realizo el 1\u00b0 Campamento de Arquer\u00eda Paral\u00edmpica en las Instalaciones del Centro Nacional de Desarrollo Deportivo &#8211; CENADE, de Ezeiza, desde el 14 al \u00a017 de abril. <strong>La provincia de Misiones fue representada por Nahuel Speranza alias Tuky arquero oriundo de Puerto Iguaz\u00fa, fue bajo las indicaciones de su entrenadora Rebeca Serrano<\/strong>.<\/p>\n\n\n\n<p>Nahuel Sperazna que practica el deporte hace varios a\u00f1os y se ha destacado en varios torneos hablo a cerca de su experiencia \u00ab<strong>me fue re bien, por fin nos conocimos personalmente entre todos los arqueros y con la entrenadora, porque solo nos conoc\u00edamos v\u00eda online, de charlas, cursos, torneos. Fue hermoso compartir \u00e9stos d\u00edas, historias, experiencias, risas, la verdad muy bueno el campamento<\/strong>\u201d<\/p>\n\n\n\n<figure class=\"wp-block-image size-full\"><img loading=\"lazy\" decoding=\"async\" width=\"960\" height=\"540\" src=\"https:\/\/actualizateiguazu.com\/v3\/wp-content\/uploads\/2022\/04\/FB_IMG_1650233409080.jpg\" alt=\"\" class=\"wp-image-26928\" srcset=\"https:\/\/actualizateiguazu.com\/v3\/wp-content\/uploads\/2022\/04\/FB_IMG_1650233409080.jpg 960w, https:\/\/actualizateiguazu.com\/v3\/wp-content\/uploads\/2022\/04\/FB_IMG_1650233409080-300x169.jpg 300w, https:\/\/actualizateiguazu.com\/v3\/wp-content\/uploads\/2022\/04\/FB_IMG_1650233409080-768x432.jpg 768w, https:\/\/actualizateiguazu.com\/v3\/wp-content\/uploads\/2022\/04\/FB_IMG_1650233409080-800x450.jpg 800w\" sizes=\"auto, (max-width: 960px) 100vw, 960px\" \/><\/figure>\n\n\n\n<p>Respecto al trabajo en el campamento Speranza indico que no solamente estuvo presente su entrenadora sino que entrenadores de otras selecciones de arquer\u00eda \u201c<strong>estoy muy contento, si bien tengo entrenamiento online con Rebeca, cuando me vio me dijo que estaba re bien, s\u00faper alineado, tirando muy bien<\/strong> <strong>y resalto que es muy diferente a lo que se ve en video<\/strong>\u201d y agreg\u00f3 \u201c<strong>Pablo Basgall (head coach de FATarco) y Emmanuel Bobadilla (entrenador) tambi\u00e9n me felicitaron, me dieron consejos, me corrigieron cositas, estoy muy contento. Fui con una expectativa, la supere y volv\u00ed con m\u00e1s pilas para seguir entrenando<\/strong>\u201d resalt\u00f3<\/p>\n\n\n\n<p>Al finalizar las actividades reconocieron a los participantes con certificados de participaci\u00f3n y ceremonia de cierre, quedando invitados para la pr\u00f3xima convocatoria que se llevar\u00e1 a cabo en el mes de junio del corriente a\u00f1o.<\/p>\n","protected":false},"excerpt":{"rendered":"<p>El Comit\u00e9 de Tiro Adaptado y Paral\u00edmpico, realizo el 1\u00b0 Campamento de Arquer\u00eda Paral\u00edmpica en<\/p>\n","protected":false},"author":1,"featured_media":26929,"comment_status":"open","ping_status":"open","sticky":false,"template":"","format":"standard","meta":{"footnotes":""},"categories":[1,223,227],"tags":[],"class_list":["post-26927","post","type-post","status-publish","format-standard","has-post-thumbnail","hentry","category-actualidad","category-deportes","category-nacionales"],"_links":{"self":[{"href":"https:\/\/actualizateiguazu.com\/v3\/wp-json\/wp\/v2\/posts\/26927","targetHints":{"allow":["GET"]}}],"collection":[{"href":"https:\/\/actualizateiguazu.com\/v3\/wp-json\/wp\/v2\/posts"}],"about":[{"href":"https:\/\/actualizateiguazu.com\/v3\/wp-json\/wp\/v2\/types\/post"}],"author":[{"embeddable":true,"href":"https:\/\/actualizateiguazu.com\/v3\/wp-json\/wp\/v2\/users\/1"}],"replies":[{"embeddable":true,"href":"https:\/\/actualizateiguazu.com\/v3\/wp-json\/wp\/v2\/comments?post=26927"}],"version-history":[{"count":1,"href":"https:\/\/actualizateiguazu.com\/v3\/wp-json\/wp\/v2\/posts\/26927\/revisions"}],"predecessor-version":[{"id":26930,"href":"https:\/\/actualizateiguazu.com\/v3\/wp-json\/wp\/v2\/posts\/26927\/revisions\/26930"}],"wp:featuredmedia":[{"embeddable":true,"href":"https:\/\/actualizateiguazu.com\/v3\/wp-json\/wp\/v2\/media\/26929"}],"wp:attachment":[{"href":"https:\/\/actualizateiguazu.com\/v3\/wp-json\/wp\/v2\/media?parent=26927"}],"wp:term":[{"taxonomy":"category","embeddable":true,"href":"https:\/\/actualizateiguazu.com\/v3\/wp-json\/wp\/v2\/categories?post=26927"},{"taxonomy":"post_tag","embeddable":true,"href":"https:\/\/actualizateiguazu.com\/v3\/wp-json\/wp\/v2\/tags?post=26927"}],"curies":[{"name":"wp","href":"https:\/\/api.w.org\/{rel}","templated":true}]}}