{"id":26947,"date":"2022-04-20T00:23:16","date_gmt":"2022-04-20T00:23:16","guid":{"rendered":"http:\/\/actualizateiguazu.com\/v3\/?p=26947"},"modified":"2022-04-20T00:23:22","modified_gmt":"2022-04-20T00:23:22","slug":"renuncio-luego-de-que-se-filtraron-conversaciones-donde-intercambiaba-contratos-por-favores-sexuales","status":"publish","type":"post","link":"https:\/\/actualizateiguazu.com\/v3\/2022\/04\/20\/renuncio-luego-de-que-se-filtraron-conversaciones-donde-intercambiaba-contratos-por-favores-sexuales\/","title":{"rendered":"Renunci\u00f3 luego de que se filtraron conversaciones donde intercambiaba contratos por favores sexuales"},"content":{"rendered":"\n<p>Luego que se viralizaron numerosos chats privados de la cuenta personal de WhatsApp de Juan Marcelo \u201cTurco\u201d Rodr\u00edguez, donde se vinculaban relaciones \u00edntimas personales con contratos laborales del organismo a su cargo, el funcionario present\u00f3 el pasado lunes la renuncia para evitar que el esc\u00e1ndalo se incrementar\u00e1.<\/p>\n\n\n\n<p>En el Gobierno provincial, aseguraron a Primera Edici\u00f3n que se habr\u00eda tratado de un hackeo pero hay versiones que el funcionario se habr\u00eda olvidado el WhatsApp web abierto y luego ya todos conocen lo que sucedi\u00f3 con la filtraci\u00f3n.<\/p>\n\n\n\n<p>Durante el fin de semana, mediante un perfil falso de Facebook a nombre de Rodr\u00edguez, se postearon archivos cargados a Google Drive. Curiosamente, algunos funcionarios no advirtieron que no se trataba del exlegislador provincial y hasta le dieron \u201cme gusta\u201d al nuevo perfil aunque luego lo eliminaron.<\/p>\n\n\n\n<p>Por esa, raz\u00f3n, argumentaron desde la Gobernaci\u00f3n, el \u201cTurco\u201d se present\u00f3 ante Cibercrimen de la Polic\u00eda, la Justicia provincial y federal para pedir una investigaci\u00f3n.<\/p>\n\n\n\n<p>En las cadenas de mensajes de texto y audio, aparecen lo que pudieron haber sido gestiones de contrataciones y pagos desde el Estado, incluso de personas reconocidas en la comunidad pero se mezclan entre citas que hacen a la intimidad de ambas partes al despacho del funcionario como a otros puntos de la ciudad.<\/p>\n\n\n\n<p>Con algunas de las involucradas, incluso, hasta con un tenor sexual al intercambio por la red social. Es que todos aparecen con nombre y apellido y sus voces en los mensajes. No se sabe qui\u00e9n fue el autor de la filtraci\u00f3n, pero nadie sali\u00f3 a desmentir la veracidad del contenido viralizado. Hasta ayer, no trascendi\u00f3 si alguna de las involucradas se present\u00f3 tambi\u00e9n ante la Justicia con alg\u00fan planteo.<\/p>\n\n\n\n<p>A su vez, mediante un breve comunicado, se anunci\u00f3 que el exdiputado provincial Roque Gervasoni, quien termin\u00f3 mandato en diciembre de 2021, fue el elegido para asumir en la presidencia del Instituto de Fomento Agrario e Industrial (IFAI). El mencionado era hasta ayer vicepresidente de Multimedios SAPEM.<\/p>\n\n\n\n<p>\u201cLa renuncia a primera hora de la ma\u00f1ana de Rodr\u00edguez hizo que el Gobernador inmediatamente la aceptara y designara a Gervasoni en su reemplazo\u201d, explicaron las mismas fuentes a este Diario.<\/p>\n\n\n\n<p>\u201cGervasoni fue impulsor de varias iniciativas referidas a producci\u00f3n sustentable, org\u00e1nica y eliminaci\u00f3n de agroqu\u00edmicos. Trascendi\u00f3 que en su nueva funci\u00f3n trabajar\u00e1 mancomunadamente con el Ministerio de Agricultura familiar\u201d, inform\u00f3 oficialmente el Gobierno en un comunicado.<\/p>\n\n\n\n<p>\u201cLa Provincia de Misiones ya tiene una ley que prohibe el uso del glifosato en \u00e1mbitos urbanos. Pero ahora el objetivo es extender esa legislaci\u00f3n al \u00e1mbito rural\u201d, destacaron al realizar el anuncio.<\/p>\n\n\n\n<p>Roque Gervasoni fue convocado por el gobernador Oscar Herrera Ahuad para firmar su asunci\u00f3n ayer al mediod\u00eda y enseguida fue puesto en funciones como nuevo presidente de un organismo aut\u00e1rquico del Gobierno provincial creado el 6 de octubre de 1988 por Ley N\u00ba 2549 como continuador del Consejo Provincial para el Desarrollo Econ\u00f3mico.<\/p>\n\n\n\n<p>Gervasoni hizo gran parte de su carrera en la funci\u00f3n p\u00fablica como subgerente de EMSA. Fue varias veces candidato a secretario general de Luz y Fuerza y perdi\u00f3 frente al fallecido Julio H\u00e9ctor \u201cCachilo\u201d Rodr\u00edguez.<\/p>\n\n\n\n<p>En los cuatro a\u00f1os como diputado fue un activo militante social, siempre presente en los conflictos barriales y las necesidades sociales, al punto que se lo mencionaba como eventual ministro de Derechos Humanos.<\/p>\n\n\n\n<p>Tambi\u00e9n impuls\u00f3 varias iniciativas referidas a producci\u00f3n sustentable, org\u00e1nica y eliminaci\u00f3n de agroqu\u00edmicos. Se identifica como un funcionario \u201cde acci\u00f3n\u201d ya que prefiere el contacto con la gente antes que el trabajo t\u00e9cnico de oficina.<\/p>\n\n\n\n<p>La tarea que deber\u00e1 desarrollar en el IFAI tiene relaci\u00f3n con el apoyo a nuevas plantaciones, cultivos, reconversi\u00f3n productiva, instalaci\u00f3n de industrias, racionalizaci\u00f3n de las existentes e incorporaci\u00f3n de tecnolog\u00eda.<\/p>\n\n\n\n<p>Entre otras cuestiones, el IFAI es el organismo responsable de los mercados concentradores que funcionan en toda la provincia, del Ingenio Azucarero de San Javier y es el impulsor del Plan Tractor y del Banco de la Mujer.<\/p>\n\n\n\n<p>El Gobierno utiliza este organismo para brindar cr\u00e9ditos, subsidios y apoyo econ\u00f3mico a emprendimientos vinculados al agro, la manufactura y la generaci\u00f3n de empleo, as\u00ed como asistencia a empresas, PyME, fundaciones y cooperativas de diversas actividades.<\/p>\n\n\n\n<p>Fuente: El Territorio<\/p>\n","protected":false},"excerpt":{"rendered":"<p>Luego que se viralizaron numerosos chats privados de la cuenta personal de WhatsApp de Juan<\/p>\n","protected":false},"author":1,"featured_media":26948,"comment_status":"open","ping_status":"open","sticky":false,"template":"","format":"standard","meta":{"footnotes":""},"categories":[1,229],"tags":[],"class_list":["post-26947","post","type-post","status-publish","format-standard","has-post-thumbnail","hentry","category-actualidad","category-provinciales"],"_links":{"self":[{"href":"https:\/\/actualizateiguazu.com\/v3\/wp-json\/wp\/v2\/posts\/26947","targetHints":{"allow":["GET"]}}],"collection":[{"href":"https:\/\/actualizateiguazu.com\/v3\/wp-json\/wp\/v2\/posts"}],"about":[{"href":"https:\/\/actualizateiguazu.com\/v3\/wp-json\/wp\/v2\/types\/post"}],"author":[{"embeddable":true,"href":"https:\/\/actualizateiguazu.com\/v3\/wp-json\/wp\/v2\/users\/1"}],"replies":[{"embeddable":true,"href":"https:\/\/actualizateiguazu.com\/v3\/wp-json\/wp\/v2\/comments?post=26947"}],"version-history":[{"count":1,"href":"https:\/\/actualizateiguazu.com\/v3\/wp-json\/wp\/v2\/posts\/26947\/revisions"}],"predecessor-version":[{"id":26949,"href":"https:\/\/actualizateiguazu.com\/v3\/wp-json\/wp\/v2\/posts\/26947\/revisions\/26949"}],"wp:featuredmedia":[{"embeddable":true,"href":"https:\/\/actualizateiguazu.com\/v3\/wp-json\/wp\/v2\/media\/26948"}],"wp:attachment":[{"href":"https:\/\/actualizateiguazu.com\/v3\/wp-json\/wp\/v2\/media?parent=26947"}],"wp:term":[{"taxonomy":"category","embeddable":true,"href":"https:\/\/actualizateiguazu.com\/v3\/wp-json\/wp\/v2\/categories?post=26947"},{"taxonomy":"post_tag","embeddable":true,"href":"https:\/\/actualizateiguazu.com\/v3\/wp-json\/wp\/v2\/tags?post=26947"}],"curies":[{"name":"wp","href":"https:\/\/api.w.org\/{rel}","templated":true}]}}