{"id":26972,"date":"2022-04-20T18:08:52","date_gmt":"2022-04-20T18:08:52","guid":{"rendered":"http:\/\/actualizateiguazu.com\/v3\/?p=26972"},"modified":"2022-04-20T18:09:00","modified_gmt":"2022-04-20T18:09:00","slug":"buscan-erradicar-el-trabajo-en-negro-en-emprendimientos-turisticos","status":"publish","type":"post","link":"https:\/\/actualizateiguazu.com\/v3\/2022\/04\/20\/buscan-erradicar-el-trabajo-en-negro-en-emprendimientos-turisticos\/","title":{"rendered":"Buscan erradicar el trabajo en negro en emprendimientos tur\u00edsticos"},"content":{"rendered":"\n<p>Con el fin comenzar\u00a0 integrar a personas que se encuentran en el mercado laboral informal al sistema, con beneficios se desarroll\u00f3 en Iguaz\u00fa <strong>una jornada de presentaci\u00f3n, difusi\u00f3n del alcance y los beneficios de los Decretos 514 y 711 sobre el Potenciar Trabajo, y Programas de Formaci\u00f3n, Empleo, e Intermediaci\u00f3n Laboral destinado a c\u00e1maras empresariales y sindicatos de Misiones<\/strong>. En esta oportunidad los representantes de gremios y empleadores tomaron conocimiento de los beneficios que existen tanto para el trabajador como para el empleador\u00a0 al utilizar los siguientes programas.<\/p>\n\n\n\n<p>En total se realizaron tres encuentros en la Provincia, el primero se llev\u00f3 a cabo en el Ministerio de Trabajo y Empleo, en Posadas, el martes en Eldorado y este mi\u00e9rcoles la jornada tuvo lugar en Puerto Iguaz\u00fa. <strong>Dicha Jornada tuvo buena convocatoria en la ciudad de las cataratas, teniendo en cuenta que en las \u00faltimas semanas la b\u00fasqueda de personal se increment\u00f3 y la demanda no fue la esperada sobre todo teniendo en cuenta que muchas personas temen perder ciertos beneficios a acceder a un trabajo en blanco<\/strong>.<\/p>\n\n\n\n<p>Todos los asistentes a la jornada tanto C\u00e1maras Empresariales, empleadores y sindicatos tomaron conocimiento de los alcances de estas normativas, que buscan la promoci\u00f3n del trabajo registrado, y la ampliaci\u00f3n de la protecci\u00f3n social de los trabajadores y las trabajadoras rurales que prestan servicios en actividades temporales y estacionales.<\/p>\n\n\n\n<p>Otro de los objetivos fue informar sobre la norma que posibilita la inclusi\u00f3n laboral y desarrollo socio productivo, destinado a personas desempleadas o con trabajos precarizados, se transformen en mecanismos que incentiven la incorporaci\u00f3n de estos trabajadores.<\/p>\n\n\n\n<p>Participaron de la Jornada, la ministra de Trabajo y Empleo, Silvana Gim\u00e9nez; sus pares de Desarrollo Social, Fernando Meza y de Turismo, Jos\u00e9 Mar\u00eda Arr\u00faa; el Director Nacional de Coordinaci\u00f3n de la Seguridad Social, Eduardo L\u00e9pore; el Director Nacional de Promoci\u00f3n del Empleo, Ernesto Philipp; el coordinador del Programa de Inserci\u00f3n Laboral del Ministerio de Turismo, Mart\u00edn Calissano; e integrantes de la C\u00e1maras empresariales y sindicatos.<\/p>\n\n\n\n<p>El ministro de Turismo, Jos\u00e9 Arr\u00faa manifest\u00f3: \u201c<strong>el turismo ha vuelto, recibiendo la Provincia a turistas del \u00e1mbito nacional e internacional, y esto significa necesidad de m\u00e1s mano de obra calificada para responder a dicha demanda, y estos tipos de pol\u00edticas son fundamentales para poder lograrlo<\/strong>\u201d.<\/p>\n\n\n\n<p>Asimismo, Eduardo L\u00e9pore, Director Nacional de Promoci\u00f3n de Empleo de Naci\u00f3n, valor\u00f3 el trabajo conjunto que vienen realizando los distintos estamentos del Gobierno de Misiones, y destac\u00f3 que los decretos 514\/21 y 711\/21 son el puntapi\u00e9 inicial hacia las decisiones pol\u00edticas para la registraci\u00f3n del empleo, cuesti\u00f3n clave para una Argentina integrada laboralmente.<\/p>\n","protected":false},"excerpt":{"rendered":"<p>Con el fin comenzar\u00a0 integrar a personas que se encuentran en el mercado laboral informal<\/p>\n","protected":false},"author":1,"featured_media":26973,"comment_status":"open","ping_status":"open","sticky":false,"template":"","format":"standard","meta":{"footnotes":""},"categories":[1,226],"tags":[],"class_list":["post-26972","post","type-post","status-publish","format-standard","has-post-thumbnail","hentry","category-actualidad","category-locales"],"_links":{"self":[{"href":"https:\/\/actualizateiguazu.com\/v3\/wp-json\/wp\/v2\/posts\/26972","targetHints":{"allow":["GET"]}}],"collection":[{"href":"https:\/\/actualizateiguazu.com\/v3\/wp-json\/wp\/v2\/posts"}],"about":[{"href":"https:\/\/actualizateiguazu.com\/v3\/wp-json\/wp\/v2\/types\/post"}],"author":[{"embeddable":true,"href":"https:\/\/actualizateiguazu.com\/v3\/wp-json\/wp\/v2\/users\/1"}],"replies":[{"embeddable":true,"href":"https:\/\/actualizateiguazu.com\/v3\/wp-json\/wp\/v2\/comments?post=26972"}],"version-history":[{"count":1,"href":"https:\/\/actualizateiguazu.com\/v3\/wp-json\/wp\/v2\/posts\/26972\/revisions"}],"predecessor-version":[{"id":26974,"href":"https:\/\/actualizateiguazu.com\/v3\/wp-json\/wp\/v2\/posts\/26972\/revisions\/26974"}],"wp:featuredmedia":[{"embeddable":true,"href":"https:\/\/actualizateiguazu.com\/v3\/wp-json\/wp\/v2\/media\/26973"}],"wp:attachment":[{"href":"https:\/\/actualizateiguazu.com\/v3\/wp-json\/wp\/v2\/media?parent=26972"}],"wp:term":[{"taxonomy":"category","embeddable":true,"href":"https:\/\/actualizateiguazu.com\/v3\/wp-json\/wp\/v2\/categories?post=26972"},{"taxonomy":"post_tag","embeddable":true,"href":"https:\/\/actualizateiguazu.com\/v3\/wp-json\/wp\/v2\/tags?post=26972"}],"curies":[{"name":"wp","href":"https:\/\/api.w.org\/{rel}","templated":true}]}}