{"id":26976,"date":"2022-04-21T09:48:21","date_gmt":"2022-04-21T09:48:21","guid":{"rendered":"http:\/\/actualizateiguazu.com\/v3\/?p=26976"},"modified":"2022-04-21T09:48:25","modified_gmt":"2022-04-21T09:48:25","slug":"solicitan-en-diputados-eliminar-el-uso-de-barbijo-en-misiones","status":"publish","type":"post","link":"https:\/\/actualizateiguazu.com\/v3\/2022\/04\/21\/solicitan-en-diputados-eliminar-el-uso-de-barbijo-en-misiones\/","title":{"rendered":"Solicitan en Diputados eliminar el uso de barbijo en Misiones"},"content":{"rendered":"\n<p>El barbijo representa en la actualidad el \u00fanico sello visible de la pandemia de coronavirus que comenz\u00f3 en marzo de 2020.<strong> Misiones tiene como particularidad que el uso de tapabocas est\u00e1 legislado, es decir, se encuentra atado a la Ley de Emergencia Sanitaria, cuya pr\u00f3rroga rige hasta el 31 de julio<\/strong>. No obstante, una iniciativa en la C\u00e1mara de Diputados instala, cuando menos, el debate sobre la continuidad de esa norma.<\/p>\n\n\n\n<p>Se trata de un proyecto de ley presentado por el diputado de la Uni\u00f3n C\u00edvica Radical (UCR), Ariel \u201cPepe\u201d Pianesi, quien propone la derogaci\u00f3n de la obligatoriedad del barbijo y tapabocas en la provincia fundamentando la solicitud en \u201chabiendo transcurrido dos a\u00f1os desde la declaraci\u00f3n de emergencia sanitaria, y teniendo en cuenta todas las medidas adoptadas por las autoridades, como as\u00ed tambi\u00e9n la gran concientizaci\u00f3n de la sociedad, que ha extremado medidas de cuidado y protecci\u00f3n personal; cambiando incluso sus h\u00e1bitos, no s\u00f3lo para evitar la propagaci\u00f3n del virus de Covid, sino tambi\u00e9n de otras enfermedades infecto contagiosas; hace que sea necesario eliminar la obligatoriedad del uso de elementos de protecci\u00f3n facial y de barbijos teniendo en cuenta no s\u00f3lo las mejoras en la actual situaci\u00f3n epidemiol\u00f3gica, sino tambi\u00e9n, la gran cantidad de actividades masivas permitidas, lo cual determina que el uso de barbijo deba ser una decisi\u00f3n personal y optativa\u201d.<\/p>\n\n\n\n<p>\u201cDer\u00f3gase los cap\u00edtulos I y II de la Ley XVII N\u00b0 118 de obligatoriedad de elementos de protecci\u00f3n facial y de barbijos o tapabocas inclusivos y toda aquella norma que se contraponga a las disposiciones del presente\u201d, reza el proyecto de ley.<\/p>\n\n\n\n<p>Asimismo, el proyecto hace una excepci\u00f3n \u201c<strong>establec\u00e9se la facultad del Poder Ejecutivo de determinar aquellos lugares que considere conveniente la utilizaci\u00f3n de elementos de protecci\u00f3n facial, que cubran nariz, boca y ment\u00f3n<\/strong>\u201d.<\/p>\n\n\n\n<p>Por su parte, el legislador renovador, Mart\u00edn Cesino, presidente de la Comisi\u00f3n de Salud de la Legislatura que adem\u00e1s integra el Comit\u00e9 Cient\u00edfico de la provincia, se\u00f1al\u00f3: \u201cHoy nuestra situaci\u00f3n es de vigilancia epidemiol\u00f3gica permanente\u201d.<\/p>\n\n\n\n<p>\u201c<strong>Tenemos una ley \u00fanica en el pa\u00eds, abierta, amplia, que se puede implementar o dejar de implementar dependiendo del contexto pero no habla solamente del Covid sino tambi\u00e9n de la influenza y dem\u00e1s enfermedades respiratorias<\/strong>\u201d, sostuvo Cesino en di\u00e1logo con El Territorio.<\/p>\n\n\n\n<p>En esa l\u00ednea, el ministro de Salud, Oscar Alarc\u00f3n, opin\u00f3 \u201cc<strong>ada diputado puede emitir el proyecto que crea conveniente para la sociedad<\/strong>\u201d en tanto hizo hincapi\u00e9 en que \u201c<strong>hay una ley vigente que tiene en su articulado bien claro cu\u00e1les ser\u00e1n los requisitos de implementaci\u00f3n y de suspensi\u00f3n<\/strong>\u201d. Entre los requisitos para suspender el uso de barbijo, mencion\u00f3 \u201ce<strong>l m\u00e1s relevante es la situaci\u00f3n epidemiol\u00f3gica de las enfermedades respiratorias y adem\u00e1s vamos a seguir respetando tambi\u00e9n el consenso con el Ministerio Salud de la Naci\u00f3n<\/strong>\u201d.<\/p>\n\n\n\n<p>En ese sentido, en el \u00faltimo Consejo Federal de Salud (Cofesa), a mediados de marzo, se estableci\u00f3 \u201ccontinuar con el uso obligatorio del barbijo incluyendo los \u00e1mbitos escolares dada la \u00e9poca del a\u00f1o y la posible circulaci\u00f3n concomitante de distintos virus respiratorios\u201d.<\/p>\n\n\n\n<p><strong>Qu\u00e9 dice la ley<\/strong><\/p>\n\n\n\n<p>El 25 de junio del 2020, la C\u00e1mara de Diputados de Misiones aprob\u00f3 la llamada \u201cley del barbijo\u201d, que estipula que en Misiones el uso del tapa boca es obligatorio en contextos de emergencia epidemiol\u00f3gica y sanitaria. El primer art\u00edculo establece \u201c<strong>la obligatoriedad del uso de elementos de protecci\u00f3n facial que cubran nariz, boca y ment\u00f3n, para todas las personas que permanezcan o circulen en la v\u00eda p\u00fablica, lugares p\u00fablicos, transporte p\u00fablico o privado de pasajeros, \u00f3rganos del estado provincial, organismos de la constituci\u00f3n y otros espacios privados de acceso al p\u00fablico, ante toda emergencia epidemiol\u00f3gica y sanitaria decretada por enfermedades respiratorias de origen multicausal<\/strong>\u201d. As\u00ed, el uso del tapabocaqueda atado a la declaraci\u00f3n de emergencia epidemiol\u00f3gica.<\/p>\n\n\n\n<p>Infect\u00f3logos a favor del&nbsp; tapabocas<\/p>\n\n\n\n<p>Oscar L\u00f3pez, pediatra e infect\u00f3logo, hab\u00eda manifestado en una entrevista a El Territorio: \u201c<strong>El uso de barbijo es adecuado y deber\u00eda extenderse. Si bien ahora no tenemos circulaci\u00f3n de coronavirus, comenzar\u00e1n a circular otros virus; el de influenza, por ejemplo, comenz\u00f3 a circular antes de lo previsto. Hay que insistir en el uso correcto y continuar us\u00e1ndolo, por lo menos en esta temporada oto\u00f1o invierno<\/strong>\u201d.<\/p>\n\n\n\n<p>&nbsp;\u201cEl 100% de las enfermedades respiratorias o las virosis se transmiten a trav\u00e9s de las gotitas de flush; entonces, si usamos barbijo, disminuimos significativamente el riesgo de contagio\u201d, detall\u00f3 L\u00f3pez, en tanto destac\u00f3 que al aire libre ese riesgo se disminuye. \u201cSi seguir\u00eda pidiendo a los pacientes con factores de riesgo que usen barbijo a\u00fan en espacios abiertos\u201d.<\/p>\n\n\n\n<p>Fuente: El territorio<\/p>\n","protected":false},"excerpt":{"rendered":"<p>El barbijo representa en la actualidad el \u00fanico sello visible de la pandemia de coronavirus<\/p>\n","protected":false},"author":1,"featured_media":26977,"comment_status":"open","ping_status":"open","sticky":false,"template":"","format":"standard","meta":{"footnotes":""},"categories":[1,229,232],"tags":[],"class_list":["post-26976","post","type-post","status-publish","format-standard","has-post-thumbnail","hentry","category-actualidad","category-provinciales","category-sociedad"],"_links":{"self":[{"href":"https:\/\/actualizateiguazu.com\/v3\/wp-json\/wp\/v2\/posts\/26976","targetHints":{"allow":["GET"]}}],"collection":[{"href":"https:\/\/actualizateiguazu.com\/v3\/wp-json\/wp\/v2\/posts"}],"about":[{"href":"https:\/\/actualizateiguazu.com\/v3\/wp-json\/wp\/v2\/types\/post"}],"author":[{"embeddable":true,"href":"https:\/\/actualizateiguazu.com\/v3\/wp-json\/wp\/v2\/users\/1"}],"replies":[{"embeddable":true,"href":"https:\/\/actualizateiguazu.com\/v3\/wp-json\/wp\/v2\/comments?post=26976"}],"version-history":[{"count":1,"href":"https:\/\/actualizateiguazu.com\/v3\/wp-json\/wp\/v2\/posts\/26976\/revisions"}],"predecessor-version":[{"id":26978,"href":"https:\/\/actualizateiguazu.com\/v3\/wp-json\/wp\/v2\/posts\/26976\/revisions\/26978"}],"wp:featuredmedia":[{"embeddable":true,"href":"https:\/\/actualizateiguazu.com\/v3\/wp-json\/wp\/v2\/media\/26977"}],"wp:attachment":[{"href":"https:\/\/actualizateiguazu.com\/v3\/wp-json\/wp\/v2\/media?parent=26976"}],"wp:term":[{"taxonomy":"category","embeddable":true,"href":"https:\/\/actualizateiguazu.com\/v3\/wp-json\/wp\/v2\/categories?post=26976"},{"taxonomy":"post_tag","embeddable":true,"href":"https:\/\/actualizateiguazu.com\/v3\/wp-json\/wp\/v2\/tags?post=26976"}],"curies":[{"name":"wp","href":"https:\/\/api.w.org\/{rel}","templated":true}]}}