{"id":26979,"date":"2022-04-21T11:17:45","date_gmt":"2022-04-21T11:17:45","guid":{"rendered":"http:\/\/actualizateiguazu.com\/v3\/?p=26979"},"modified":"2022-04-21T11:17:50","modified_gmt":"2022-04-21T11:17:50","slug":"segun-una-encuesta-9-de-casa-10-argentinos-del-noreste-reconoce-la-importancia-de-las-low-cost","status":"publish","type":"post","link":"https:\/\/actualizateiguazu.com\/v3\/2022\/04\/21\/segun-una-encuesta-9-de-casa-10-argentinos-del-noreste-reconoce-la-importancia-de-las-low-cost\/","title":{"rendered":"Seg\u00fan una encuesta 9 de casa 10 argentinos del noreste reconoce la importancia de las low cost"},"content":{"rendered":"\n<p>Tras el debate del costo de los pasajes a\u00e9reos se realiz\u00f3 una Encuesta Nacional de Opini\u00f3n P\u00fablica realizada por CIO Investigaci\u00f3n. <strong>Donde obtuvieron un panorama de la opini\u00f3n de los argetninos, uno de los resultados m\u00e1s destacados es que 9 de cada 10 personas cree que las aerol\u00edneas low cost le dan la posibilidad de volar a personas que antes no pod\u00edan viajar en avi\u00f3n<\/strong>.<\/p>\n\n\n\n<p>El 81% de los encuestados del noreste considera que los vuelos low cost son beneficiosos para la ciudad en la que viven porque generan empleo, promoci\u00f3n tur\u00edstica, desarrollo e impulsa a otras actividades econ\u00f3micas. <strong>El 70% de las personas no est\u00e1n de acuerdo con la medida de fijar los precios m\u00ednimos de los pasajes de avi\u00f3n<\/strong>.<\/p>\n\n\n\n<p>La encuesta fue promovida por Flybondi, la primera low cost del pa\u00eds, junto a la consultora CIO Investigaci\u00f3n realizaron durante enero y febrero de este a\u00f1o la segunda edici\u00f3n de la Encuesta de Opini\u00f3n P\u00fablica, luego de haber realizado la primera en el a\u00f1o 2020. El objetivo de este estudio fue conocer la opini\u00f3n sobre las aerol\u00edneas low cost, el nivel de aprobaci\u00f3n y cu\u00e1les son aquellos ejes positivos que la sociedad reconoce. <strong>Tambi\u00e9n se incluy\u00f3 una instancia de preguntas sobre el Decreto 879\/2021, anunciado en diciembre de 2021, que cambia la mayor\u00eda de las condiciones de negocio de la industria a\u00e9rea.<\/strong><\/p>\n\n\n\n<p><strong>Los resultados m\u00e1s destacados son:<\/strong><\/p>\n\n\n\n<p>El 90% de los encuestados del noreste y del resto del pa\u00eds piensa que las low cost son importantes o muy importantes para el pa\u00eds.<\/p>\n\n\n\n<p>Lo m\u00e1s valorado de las low cost es la accesibilidad e inclusi\u00f3n, ya que 9 de cada 10 personas afirman que permiten que las personas que antes no viajaban en avi\u00f3n, ahora pueden hacerlo.<\/p>\n\n\n\n<p>El 89% sostiene que permiten que las provincias est\u00e9n m\u00e1s conectadas.<\/p>\n\n\n\n<p>El 86% considera que suman al desarrollo tur\u00edstico de la provincia en la que viven.<\/p>\n\n\n\n<p>El 86% sostiene que permiten que la gente que ya viaja, viaje m\u00e1s.<\/p>\n\n\n\n<p>El 81% considera que mejora la actividad econ\u00f3mica de la provincia en la que viven.<\/p>\n\n\n\n<p>El 81% de los encuestados del noreste considera que tener vuelos low cost en sus ciudades ser\u00eda beneficioso y el 80% a nivel pa\u00eds tambi\u00e9n lo piensa de esa manera, y se debe a que:<\/p>\n\n\n\n<p>Promueven la actividad tur\u00edstica<\/p>\n\n\n\n<p>Contribuyen a generar trabajo<\/p>\n\n\n\n<p>Permite que m\u00e1s personas puedan volar<\/p>\n\n\n\n<p>Impulsan m\u00faltiples actividade<\/p>\n\n\n\n<p>Dado que la encuesta no se realiz\u00f3 a pasajeros y tampoco solo en las zonas a donde las low cost vuelan, la representatividad de estos valores es mucho m\u00e1s relevante.<\/p>\n\n\n\n<p>Sobre el Decreto 879\/2021, que tiene a la imposici\u00f3n de los precios m\u00ednimos&nbsp; los pasajes de avi\u00f3n como una de las medidas m\u00e1s preocupantes, los resultados fueron los siguientes:<\/p>\n\n\n\n<p>7 de cada 10 personas NO est\u00e1n de acuerdo con la medida. M\u00e1s de la mitad de todos los segmentos socioecon\u00f3micos la desaprueba.<\/p>\n\n\n\n<p>La mayor\u00eda identifica como los primeros perjudicados con la medida a todas las personas que viajan en avi\u00f3n y a la gente de menores ingresos.<\/p>\n\n\n\n<p>Adem\u00e1s, 8 de cada 10 encuestados piensan que el gobierno deber\u00eda promover las low cost.<\/p>\n\n\n\n<p>Mauricio Sana, CEO de Flybondi sostuvo: \u201cEstos resultados tambi\u00e9n dan cuenta de c\u00f3mo la sociedad entiende el impacto negativo que se generar\u00e1 al avanzar no s\u00f3lo con la imposici\u00f3n de las tarifas m\u00ednimas, sino tambi\u00e9n con el resto de las medidas que tendr\u00e1n como resultado restringir el crecimiento y la recuperaci\u00f3n de la industria\u201d. Luego agreg\u00f3: \u201c<strong>desde Flybondi consideramos que haber logrado este nivel de aceptaci\u00f3n en la sociedad a tan solo 4 a\u00f1os de comenzar a volar, nos invita a comprometernos a\u00fan m\u00e1s con la responsabilidad de mantener esa licencia social que nos est\u00e1n dando las personas<\/strong>\u201d.<\/p>\n\n\n\n<p>Flybondi reafirma su convencimiento de que las aerol\u00edneas low cost pueden tener un rol importante para colaborar en la estrategia nacional que busca la reactivaci\u00f3n econ\u00f3mica, ofreciendo una opci\u00f3n de vuelos de tarifas bajas, conexiones no s\u00f3lo tur\u00edsticas, y un servicio seguro y confiable.<\/p>\n\n\n\n<p>La compa\u00f1\u00eda a\u00e9rea contin\u00faa defendiendo su proyecto fundacional: que cada vez haya m\u00e1s libertad de volar para todas las personas que viven en Argentina.<\/p>\n\n\n\n<p><strong>Metodolog\u00eda de la encuesta:<\/strong><\/p>\n\n\n\n<p>Tipo de estudio: cuantitativo nacional.<\/p>\n\n\n\n<p>Universo: <strong>Hombres y mujeres, mayores de 17 a\u00f1os. Residentes en 23 aglomerados urbanos pertenecientes a las 6 regiones geogr\u00e1ficas del pa\u00eds: Noroeste; Noreste; Centro; Buenos Aires; Cuyo; Patagonia.<\/strong><\/p>\n\n\n\n<p>Bases: 800 casos segmentados por zona de residencia, g\u00e9nero y edad. Ponderada en el total pa\u00eds seg\u00fan peso poblacional.<\/p>\n\n\n\n<p>Error estad\u00edstico: +\/-3,5%, dentro de un nivel de confianza de 95%<\/p>\n\n\n\n<p>T\u00e9cnica de relevamiento: I-CAWI<\/p>\n\n\n\n<p>Instrumento: cuestionario semiestructurado integrado por preguntas cerradas y abiertas.<\/p>\n\n\n\n<p>Fecha de campo: enero\/febrero 2022.<\/p>\n\n\n\n<p>Directora de CIO Investigaci\u00f3n: Cecilia Mosto.<\/p>\n","protected":false},"excerpt":{"rendered":"<p>Tras el debate del costo de los pasajes a\u00e9reos se realiz\u00f3 una Encuesta Nacional de<\/p>\n","protected":false},"author":1,"featured_media":26983,"comment_status":"open","ping_status":"open","sticky":false,"template":"","format":"standard","meta":{"footnotes":""},"categories":[1,227],"tags":[],"class_list":["post-26979","post","type-post","status-publish","format-standard","has-post-thumbnail","hentry","category-actualidad","category-nacionales"],"_links":{"self":[{"href":"https:\/\/actualizateiguazu.com\/v3\/wp-json\/wp\/v2\/posts\/26979","targetHints":{"allow":["GET"]}}],"collection":[{"href":"https:\/\/actualizateiguazu.com\/v3\/wp-json\/wp\/v2\/posts"}],"about":[{"href":"https:\/\/actualizateiguazu.com\/v3\/wp-json\/wp\/v2\/types\/post"}],"author":[{"embeddable":true,"href":"https:\/\/actualizateiguazu.com\/v3\/wp-json\/wp\/v2\/users\/1"}],"replies":[{"embeddable":true,"href":"https:\/\/actualizateiguazu.com\/v3\/wp-json\/wp\/v2\/comments?post=26979"}],"version-history":[{"count":1,"href":"https:\/\/actualizateiguazu.com\/v3\/wp-json\/wp\/v2\/posts\/26979\/revisions"}],"predecessor-version":[{"id":26984,"href":"https:\/\/actualizateiguazu.com\/v3\/wp-json\/wp\/v2\/posts\/26979\/revisions\/26984"}],"wp:featuredmedia":[{"embeddable":true,"href":"https:\/\/actualizateiguazu.com\/v3\/wp-json\/wp\/v2\/media\/26983"}],"wp:attachment":[{"href":"https:\/\/actualizateiguazu.com\/v3\/wp-json\/wp\/v2\/media?parent=26979"}],"wp:term":[{"taxonomy":"category","embeddable":true,"href":"https:\/\/actualizateiguazu.com\/v3\/wp-json\/wp\/v2\/categories?post=26979"},{"taxonomy":"post_tag","embeddable":true,"href":"https:\/\/actualizateiguazu.com\/v3\/wp-json\/wp\/v2\/tags?post=26979"}],"curies":[{"name":"wp","href":"https:\/\/api.w.org\/{rel}","templated":true}]}}