{"id":27014,"date":"2022-04-22T16:01:29","date_gmt":"2022-04-22T16:01:29","guid":{"rendered":"http:\/\/actualizateiguazu.com\/v3\/?p=27014"},"modified":"2022-04-22T16:01:34","modified_gmt":"2022-04-22T16:01:34","slug":"divertida-tarde-para-abuelos-de-concepcion-de-la-sierra","status":"publish","type":"post","link":"https:\/\/actualizateiguazu.com\/v3\/2022\/04\/22\/divertida-tarde-para-abuelos-de-concepcion-de-la-sierra\/","title":{"rendered":"Divertida tarde para abuelos de Concepci\u00f3n de la Sierra"},"content":{"rendered":"\n<p>El sal\u00f3n de eventos del Pami de Concepci\u00f3n de la Sierra recibi\u00f3 este jueves a m\u00e1s de un centenar de \u201cinvitados especiales\u201d que participaron del Programa \u201cMateando con los abuelos\u201d.<\/p>\n\n\n\n<p>Como no lo hac\u00edan desde el inicio de la pandemia, los jubilados provinciales y del Pami compartieron una tarde de sorteos, baile, y buena m\u00fasica. La \u201cfiesta\u201d estuvo animada por la banda \u201cSuena Sanfona\u201d, que invit\u00f3 al escenario a \u201cDanko\u201d Bezchlibiak, un conocido m\u00fasico de la zona que hizo \u201cllorar\u201d a su acorde\u00f3n verdulera.<\/p>\n\n\n\n<figure class=\"wp-block-image size-full\"><img loading=\"lazy\" decoding=\"async\" width=\"810\" height=\"540\" src=\"https:\/\/actualizateiguazu.com\/v3\/wp-content\/uploads\/2022\/04\/abuelos-concepcion-abril-20221.jpeg\" alt=\"\" class=\"wp-image-27016\" srcset=\"https:\/\/actualizateiguazu.com\/v3\/wp-content\/uploads\/2022\/04\/abuelos-concepcion-abril-20221.jpeg 810w, https:\/\/actualizateiguazu.com\/v3\/wp-content\/uploads\/2022\/04\/abuelos-concepcion-abril-20221-300x200.jpeg 300w, https:\/\/actualizateiguazu.com\/v3\/wp-content\/uploads\/2022\/04\/abuelos-concepcion-abril-20221-768x512.jpeg 768w\" sizes=\"auto, (max-width: 810px) 100vw, 810px\" \/><\/figure>\n\n\n\n<p>El equipo de IPLyC Social se ocup\u00f3 de los agasajos, mientras que la Direcci\u00f3n de Cultura local, a cargo de Mariela Nu\u00f1ez, tuvo a su cargo la decoraci\u00f3n del sal\u00f3n junto a abuelas de la ciudad.<\/p>\n","protected":false},"excerpt":{"rendered":"<p>El sal\u00f3n de eventos del Pami de Concepci\u00f3n de la Sierra recibi\u00f3 este jueves a<\/p>\n","protected":false},"author":1,"featured_media":27015,"comment_status":"open","ping_status":"open","sticky":false,"template":"","format":"standard","meta":{"footnotes":""},"categories":[1,229,232],"tags":[],"class_list":["post-27014","post","type-post","status-publish","format-standard","has-post-thumbnail","hentry","category-actualidad","category-provinciales","category-sociedad"],"_links":{"self":[{"href":"https:\/\/actualizateiguazu.com\/v3\/wp-json\/wp\/v2\/posts\/27014","targetHints":{"allow":["GET"]}}],"collection":[{"href":"https:\/\/actualizateiguazu.com\/v3\/wp-json\/wp\/v2\/posts"}],"about":[{"href":"https:\/\/actualizateiguazu.com\/v3\/wp-json\/wp\/v2\/types\/post"}],"author":[{"embeddable":true,"href":"https:\/\/actualizateiguazu.com\/v3\/wp-json\/wp\/v2\/users\/1"}],"replies":[{"embeddable":true,"href":"https:\/\/actualizateiguazu.com\/v3\/wp-json\/wp\/v2\/comments?post=27014"}],"version-history":[{"count":1,"href":"https:\/\/actualizateiguazu.com\/v3\/wp-json\/wp\/v2\/posts\/27014\/revisions"}],"predecessor-version":[{"id":27017,"href":"https:\/\/actualizateiguazu.com\/v3\/wp-json\/wp\/v2\/posts\/27014\/revisions\/27017"}],"wp:featuredmedia":[{"embeddable":true,"href":"https:\/\/actualizateiguazu.com\/v3\/wp-json\/wp\/v2\/media\/27015"}],"wp:attachment":[{"href":"https:\/\/actualizateiguazu.com\/v3\/wp-json\/wp\/v2\/media?parent=27014"}],"wp:term":[{"taxonomy":"category","embeddable":true,"href":"https:\/\/actualizateiguazu.com\/v3\/wp-json\/wp\/v2\/categories?post=27014"},{"taxonomy":"post_tag","embeddable":true,"href":"https:\/\/actualizateiguazu.com\/v3\/wp-json\/wp\/v2\/tags?post=27014"}],"curies":[{"name":"wp","href":"https:\/\/api.w.org\/{rel}","templated":true}]}}