{"id":27022,"date":"2022-04-22T17:05:24","date_gmt":"2022-04-22T17:05:24","guid":{"rendered":"http:\/\/actualizateiguazu.com\/v3\/?p=27022"},"modified":"2022-04-22T17:05:28","modified_gmt":"2022-04-22T17:05:28","slug":"san-vicente-se-prepara-para-el-bike-fest","status":"publish","type":"post","link":"https:\/\/actualizateiguazu.com\/v3\/2022\/04\/22\/san-vicente-se-prepara-para-el-bike-fest\/","title":{"rendered":"San Vicente se prepara para el Bike Fest"},"content":{"rendered":"\n<p>Se trata del primer Encuentro de Cicloturismo. Se llevar\u00e1 a cabo los d\u00edas 23 y 24 de abril en el Automotokart. La actividad deportiva es de car\u00e1cter no competitivo, y es apta para toda la familia.<\/p>\n\n\n\n<p>Las actividades que combinan turismo, deporte y naturaleza son cada vez m\u00e1s demandadas en la provincia, y son muchas las localidades las que utilizan esta sinergia como factor de impulso para estimular el turismo y el consecuente crecimiento econ\u00f3mico local.<\/p>\n\n\n\n<p>Este s\u00e1bado y domingo, San Vicente espera recibir a m\u00e1s de 600 ciclistas de toda la regi\u00f3n, que abrazan este estilo de vida, para vivir un fin de semana de pleno contacto con el deporte, la naturaleza, la familia y los amigos.<\/p>\n\n\n\n<p>Organizado por la Asociaci\u00f3n Civil AutoMotoKart, la Subcomisi\u00f3n de MTB (Mountain Bike) del AutoMotoKart y la Municipalidad de San Vicente, el programa prev\u00e9 un city tour guiado en bicicletas pasando por lugares hist\u00f3ricos y emblem\u00e1ticos, culminando, el s\u00e1bado, en el Salto Zulma.<\/p>\n\n\n\n<figure class=\"wp-block-image size-large\"><img loading=\"lazy\" decoding=\"async\" width=\"1024\" height=\"682\" src=\"https:\/\/actualizateiguazu.com\/v3\/wp-content\/uploads\/2022\/04\/Bike-Fest-San-Vicente-1-1024x682.jpeg\" alt=\"\" class=\"wp-image-27023\" srcset=\"https:\/\/actualizateiguazu.com\/v3\/wp-content\/uploads\/2022\/04\/Bike-Fest-San-Vicente-1-1024x682.jpeg 1024w, https:\/\/actualizateiguazu.com\/v3\/wp-content\/uploads\/2022\/04\/Bike-Fest-San-Vicente-1-300x200.jpeg 300w, https:\/\/actualizateiguazu.com\/v3\/wp-content\/uploads\/2022\/04\/Bike-Fest-San-Vicente-1-768x512.jpeg 768w, https:\/\/actualizateiguazu.com\/v3\/wp-content\/uploads\/2022\/04\/Bike-Fest-San-Vicente-1.jpeg 1280w\" sizes=\"auto, (max-width: 1024px) 100vw, 1024px\" \/><\/figure>\n\n\n\n<p>El deporte va muy unido a lo tur\u00edstico. Cuando se juntan generan una motivaci\u00f3n. Hay una b\u00fasqueda de lo saludable para crear esta sinergia entre el turismo y el deporte. Hay muchos municipios que empiezan a ver en esta uni\u00f3n una posibilidad para crecer en turismo\u00bb, resalt\u00f3 el subsecretario de Promoci\u00f3n y Marketing, Oscar Degiusti., durante la conferencia de presentaci\u00f3n.<\/p>\n\n\n\n<p>El domingo 24 est\u00e1n previstos dos recorridos, en distancias medias y largas hacia el Salto Golondrinas; siendo casi la totalidad del recorrido por caminos y senderos rurales, culminando con la entrega de medallas y reconocimientos a todos los participantes, y un posterior almuerzo que pretende ser un gran momento para ser compartido en familia y con amigos.<\/p>\n\n\n\n<p>\u00abEs una actividad pensada para disfrutar de la vida en contacto con la naturaleza, y compartir un grato momento en familia, por eso la actividad contempla a todas las edades\u00bb, remarc\u00f3 el organizador del evento, Ram\u00f3n Delio Ruiz.<\/p>\n\n\n\n<p>Las inscripciones a\u00fan permanecen abiertas. Tienen un costo de $1500. Para mayor informaci\u00f3n, consultas e inscripciones, hay que comunicarse al: 3755650594.<\/p>\n\n\n\n<p>Link de Inscripci\u00f3n a trav\u00e9s de pedalea.com.ar: https:\/\/forms.gle\/Pzb8HgoXAKsTg18<\/p>\n\n\n\n<p>Cronograma:<\/p>\n\n\n\n<p>S\u00e1bado: Habilitaci\u00f3n del predio 9 hs. Acreditaciones: 10 a 18 hs.<\/p>\n\n\n\n<p>Domingo: Acreditaciones de 5:30 hs a 7 hs.<\/p>\n\n\n\n<p>Inicio del trayecto: 7 hs.<\/p>\n\n\n\n<p>Almuerzo, shows y sorteos: 12:30 hs.<\/p>\n\n\n\n<p>Lugar: Automotokart San Vicente.<\/p>\n\n\n\n<p>Trayectos:<\/p>\n\n\n\n<p>S\u00e1bado 25 km (dificultad baja). Merienda tradicional. Tiempo 3 hs.<\/p>\n\n\n\n<p>Domingo 40 km (dificultad media). Tiempo 2 a 4 hs.<\/p>\n\n\n\n<p>Domingo 60 km (dificultad media). Tiempo 2 a 5 hs.<\/p>\n\n\n\n<p>Puestos de hidrataci\u00f3n, alimentaci\u00f3n, informaci\u00f3n, asistencia; veh\u00edculos y ambulancias en todo el circuito.<\/p>\n\n\n\n<p>Domingo. Circuito especial para ni\u00f1os con premiaci\u00f3n (10 a 12 hs).<\/p>\n","protected":false},"excerpt":{"rendered":"<p>Se trata del primer Encuentro de Cicloturismo. Se llevar\u00e1 a cabo los d\u00edas 23 y<\/p>\n","protected":false},"author":1,"featured_media":27024,"comment_status":"open","ping_status":"open","sticky":false,"template":"","format":"standard","meta":{"footnotes":""},"categories":[1,229,234],"tags":[],"class_list":["post-27022","post","type-post","status-publish","format-standard","has-post-thumbnail","hentry","category-actualidad","category-provinciales","category-turismo"],"_links":{"self":[{"href":"https:\/\/actualizateiguazu.com\/v3\/wp-json\/wp\/v2\/posts\/27022","targetHints":{"allow":["GET"]}}],"collection":[{"href":"https:\/\/actualizateiguazu.com\/v3\/wp-json\/wp\/v2\/posts"}],"about":[{"href":"https:\/\/actualizateiguazu.com\/v3\/wp-json\/wp\/v2\/types\/post"}],"author":[{"embeddable":true,"href":"https:\/\/actualizateiguazu.com\/v3\/wp-json\/wp\/v2\/users\/1"}],"replies":[{"embeddable":true,"href":"https:\/\/actualizateiguazu.com\/v3\/wp-json\/wp\/v2\/comments?post=27022"}],"version-history":[{"count":1,"href":"https:\/\/actualizateiguazu.com\/v3\/wp-json\/wp\/v2\/posts\/27022\/revisions"}],"predecessor-version":[{"id":27025,"href":"https:\/\/actualizateiguazu.com\/v3\/wp-json\/wp\/v2\/posts\/27022\/revisions\/27025"}],"wp:featuredmedia":[{"embeddable":true,"href":"https:\/\/actualizateiguazu.com\/v3\/wp-json\/wp\/v2\/media\/27024"}],"wp:attachment":[{"href":"https:\/\/actualizateiguazu.com\/v3\/wp-json\/wp\/v2\/media?parent=27022"}],"wp:term":[{"taxonomy":"category","embeddable":true,"href":"https:\/\/actualizateiguazu.com\/v3\/wp-json\/wp\/v2\/categories?post=27022"},{"taxonomy":"post_tag","embeddable":true,"href":"https:\/\/actualizateiguazu.com\/v3\/wp-json\/wp\/v2\/tags?post=27022"}],"curies":[{"name":"wp","href":"https:\/\/api.w.org\/{rel}","templated":true}]}}