{"id":27026,"date":"2022-04-23T00:29:47","date_gmt":"2022-04-23T00:29:47","guid":{"rendered":"http:\/\/actualizateiguazu.com\/v3\/?p=27026"},"modified":"2022-04-23T00:29:51","modified_gmt":"2022-04-23T00:29:51","slug":"desesperados-reunen-fondos-para-rescatar-a-su-hermana-y-su-sobrino-que-estan-en-italia","status":"publish","type":"post","link":"https:\/\/actualizateiguazu.com\/v3\/2022\/04\/23\/desesperados-reunen-fondos-para-rescatar-a-su-hermana-y-su-sobrino-que-estan-en-italia\/","title":{"rendered":"Desesperados re\u00fanen fondos para rescatar a su hermana y su sobrino que est\u00e1n en Italia"},"content":{"rendered":"\n<p>La familia de Yessica Daiana Neris esta desesperada y recurri\u00f3 a las redes sociales para pedir colaboraci\u00f3n de las personas para reunir dinero y que su padre pueda ir a Italia a rescatar a la joven y a su ni\u00f1o que se encuentran en una casa de acogida\u00a0 en Italia tras ser v\u00edctima de violencia. Si bien la familia ha intentado de varias formas repatriar a Yesica no lo ha logrado y ahora est\u00e1 a punto de perder a su hijo, es por ello que el padre de la joven busca viajar para resolver los tr\u00e1mites para el retorno de la joven,<\/p>\n\n\n\n<p>A trav\u00e9s de un posteo Pamela Neris cuenta la dif\u00edcil situaci\u00f3n que vive su hermana en Italia, \u201cnos vemos en la necesidad de contarles a todos para que nos brinden su ayuda desde la difusi\u00f3n de esta noticia hasta colaboraci\u00f3n de una colecta para la compra de pasajes para viajar a Italia, m\u00e1s precisamente m\u00ed padre Eduardo Neris debe viajar para poder realizar la repatriaci\u00f3n de m\u00ed hermana Yessica Daiana Neris y de m\u00ed sobrino Joseph\u201d<\/p>\n\n\n\n<p>La joven detalla en el posteo que su hermana viajo a Europa con la intenci\u00f3n de alcanzar sus metas y objetivos ella viajo a Italia el a\u00f1o ante pasado en el mes de octubre, all\u00e1 Yessica conf\u00edo en las palabras de su pareja el cual la convenci\u00f3 de viajar y tener a su hijo en suelo italiano y formar una familia. Todo marchaba bien cuando llego all\u00e1; ambos contaban con un hogar el padre de mi sobrino con trabajo y llego el gran d\u00eda el nacimiento de Joseph el hijo de m\u00ed hermana, y el padre y convenci\u00f3 a mi hermana de que no hac\u00eda falta hacer eso porque ellos estaban bien como familia\u201d<\/p>\n\n\n\n<figure class=\"wp-block-image size-large\"><img loading=\"lazy\" decoding=\"async\" width=\"1024\" height=\"793\" src=\"https:\/\/actualizateiguazu.com\/v3\/wp-content\/uploads\/2022\/04\/WhatsApp-Image-2022-04-22-at-9.14.40-PM-1-1024x793.jpeg\" alt=\"\" class=\"wp-image-27029\" srcset=\"https:\/\/actualizateiguazu.com\/v3\/wp-content\/uploads\/2022\/04\/WhatsApp-Image-2022-04-22-at-9.14.40-PM-1-1024x793.jpeg 1024w, https:\/\/actualizateiguazu.com\/v3\/wp-content\/uploads\/2022\/04\/WhatsApp-Image-2022-04-22-at-9.14.40-PM-1-300x232.jpeg 300w, https:\/\/actualizateiguazu.com\/v3\/wp-content\/uploads\/2022\/04\/WhatsApp-Image-2022-04-22-at-9.14.40-PM-1-768x595.jpeg 768w, https:\/\/actualizateiguazu.com\/v3\/wp-content\/uploads\/2022\/04\/WhatsApp-Image-2022-04-22-at-9.14.40-PM-1.jpeg 1076w\" sizes=\"auto, (max-width: 1024px) 100vw, 1024px\" \/><\/figure>\n\n\n\n<p>\u201cPero seis meses m\u00e1s tarde comenzaron los celos y peleas entre ellos, el marido de m\u00ed hermana comenz\u00f3 a aislarla de su entorno tanto familiar como de sus amistades, se apoder\u00f3 de sus redes sociales y hasta le controlaba su WhatsApp, as\u00ed comenz\u00f3 todo esto y de eso paso pasaron a las discusiones, seguido de esto comenz\u00f3 a dejarlos siempre en casa a ella a su hijo. Hasta q un d\u00eda una cosa lleva a la otra y le dio el primer golpe y as\u00ed arrancaron los maltratos no solo psicol\u00f3gicos sino tambi\u00e9n maltrato f\u00edsico, no conforme con todo esto comenz\u00f3 a maltratar a su peque\u00f1o hijo de tan s\u00f3lo meses de edad\u201d<\/p>\n\n\n\n<p>Cuando Yesica fue amenazada de muertes por el padre de su hijo decidi\u00f3 denunciarlo e irse de la casa que compart\u00eda junto a su pareja \u201cen ese momento mi hermana presentaba golpes y fracturas, entonces el juez decide ponerlo bajo prisi\u00f3n domiciliaria, entonces m\u00ed hermana la pasan junto a su hijo a quedarse por disposici\u00f3n de un juez italiano a resguarde ella y su ni\u00f1o en una casa refugio le dicen all\u00e1, en este lugar fueron v\u00edctima de un sistema d\u00f3nde los inmigrantes no tienen el mismo trato que les damos ac\u00e1 en Argentina a los inmigrantes, all\u00e1 es distinto, sufrieron desprecio de todo tipo\u201d<\/p>\n\n\n\n<p>Cuando la joven realizaba los tr\u00e1mites para volver a Misiones junto a su peque\u00f1o, la justicia le neg\u00f3 este pedido porque el ni\u00f1o tiene solo nacionalidad italiana, \u201cla quer\u00edan extraditar sin su hijo, tuvimos que poner abogados tanto civil como penal para q la representen a ella all\u00e1. Y los abogados estaban peleando por la tutela absoluta de Joseph\u201d resalt\u00f3<\/p>\n\n\n\n<p>Ante esta complicada situaci\u00f3n los abogados que representan a Yessica Daiana Neris en Italia pidieron la presencia de su tutor, es por ello que el padre Eduardo Neris debe viajar de urgencia a darle asistencia, apoyo y contenci\u00f3n psicol\u00f3gica ya que la joven paso por un ataque de nervios cuando intentaron extraditarla a Argentina sola sin su peque\u00f1o.<\/p>\n\n\n\n<p>Aquellas personas que quieran colaborar se pueden comunicar con los siguientes n\u00fameros n\u00fameros de WhatsApp 3764823514 Pamelay Eduardo Neris 3764515180.<\/p>\n\n\n\n<p><a href=\"https:\/\/www.elterritorio.com.ar\/noticias\/2022\/02\/01\/736195-huyo-de-la-violencia-y-espera-volver-a-misiones-con-su-hijo#:~:text=Desde%20noviembre%20de%202021%2C%20Yessica,as%C3%AD%20reencontrarse%20con%20su%20familia.\">Nota relacionada <\/a><\/p>\n","protected":false},"excerpt":{"rendered":"<p>La familia de Yessica Daiana Neris esta desesperada y recurri\u00f3 a las redes sociales para<\/p>\n","protected":false},"author":1,"featured_media":27027,"comment_status":"open","ping_status":"open","sticky":false,"template":"","format":"standard","meta":{"footnotes":""},"categories":[1,226],"tags":[],"class_list":["post-27026","post","type-post","status-publish","format-standard","has-post-thumbnail","hentry","category-actualidad","category-locales"],"_links":{"self":[{"href":"https:\/\/actualizateiguazu.com\/v3\/wp-json\/wp\/v2\/posts\/27026","targetHints":{"allow":["GET"]}}],"collection":[{"href":"https:\/\/actualizateiguazu.com\/v3\/wp-json\/wp\/v2\/posts"}],"about":[{"href":"https:\/\/actualizateiguazu.com\/v3\/wp-json\/wp\/v2\/types\/post"}],"author":[{"embeddable":true,"href":"https:\/\/actualizateiguazu.com\/v3\/wp-json\/wp\/v2\/users\/1"}],"replies":[{"embeddable":true,"href":"https:\/\/actualizateiguazu.com\/v3\/wp-json\/wp\/v2\/comments?post=27026"}],"version-history":[{"count":1,"href":"https:\/\/actualizateiguazu.com\/v3\/wp-json\/wp\/v2\/posts\/27026\/revisions"}],"predecessor-version":[{"id":27030,"href":"https:\/\/actualizateiguazu.com\/v3\/wp-json\/wp\/v2\/posts\/27026\/revisions\/27030"}],"wp:featuredmedia":[{"embeddable":true,"href":"https:\/\/actualizateiguazu.com\/v3\/wp-json\/wp\/v2\/media\/27027"}],"wp:attachment":[{"href":"https:\/\/actualizateiguazu.com\/v3\/wp-json\/wp\/v2\/media?parent=27026"}],"wp:term":[{"taxonomy":"category","embeddable":true,"href":"https:\/\/actualizateiguazu.com\/v3\/wp-json\/wp\/v2\/categories?post=27026"},{"taxonomy":"post_tag","embeddable":true,"href":"https:\/\/actualizateiguazu.com\/v3\/wp-json\/wp\/v2\/tags?post=27026"}],"curies":[{"name":"wp","href":"https:\/\/api.w.org\/{rel}","templated":true}]}}