{"id":27035,"date":"2022-04-23T18:06:55","date_gmt":"2022-04-23T18:06:55","guid":{"rendered":"http:\/\/actualizateiguazu.com\/v3\/?p=27035"},"modified":"2022-04-23T18:06:59","modified_gmt":"2022-04-23T18:06:59","slug":"iguazu-seguidilla-de-cortes-de-energia-complico-aun-mas-el-suministro-de-agua-potable","status":"publish","type":"post","link":"https:\/\/actualizateiguazu.com\/v3\/2022\/04\/23\/iguazu-seguidilla-de-cortes-de-energia-complico-aun-mas-el-suministro-de-agua-potable\/","title":{"rendered":"Iguaz\u00fa: Seguidilla de cortes de energ\u00eda complic\u00f3 a\u00fan m\u00e1s el suministro de agua potable"},"content":{"rendered":"\n<p>Hace una semana el Instituto Misionero de Agua y Saneamiento inform\u00f3 que se encontraba abocado a solucionar los problemas que se han registrado en la toma de agua del rio Iguaz\u00fa desde la instalaci\u00f3n de la nueva bomba Flyght. Dichos inconvenientes fueron subsanados y algunos barrios comenzaron a recibir agua potable se\u00f1al de que se normalizar\u00eda en los pr\u00f3ximos d\u00edas el servicio, no obstante la seguidilla de cortes en el suministro de energ\u00eda registrados en las ultimas 24 a\u00f1os complicaron a\u00fan m\u00e1s la distribuci\u00f3n del l\u00edquido Vital.<\/p>\n\n\n\n<p>En la jornada del s\u00e1bado, vecinos de casi todos los barrios abastecidos por la producci\u00f3n de la planta ubicada en pleno centro de puerto Iguaz\u00fa elevaron sus quejas, algunos indican que no cuentan con el servicio hace al menos 15 d\u00edas. \u201cSolicite asistencia pero hasta el momento no he recibido el cami\u00f3n y mis vecinos del barrio Comandante Andresito tampoco tienen agua\u201d indic\u00f3 Mar\u00eda. En tanto Luis del barrio Villa Tacuara indico que ayer recibi\u00f3 agua potable sin la presi\u00f3n acostumbrada pero en la jornada del s\u00e1bado el suministro se volvi\u00f3 a interrumpir.<\/p>\n\n\n\n<p>Seg\u00fan indicaron desde IMAS el problema radica en la falta de inestabilidad en la tensi\u00f3n y en la seguidilla de cortes de energ\u00eda el\u00e9ctrica que se vienen registrando en la \u00faltima semana y se intensificaron ayer al inicio del temporal. Este s\u00e1bado personal de IMAS trabajo en la toma de agua instalando un equipo de back up ante otro posible inconveniente en los equipos de impulsi\u00f3n.<\/p>\n","protected":false},"excerpt":{"rendered":"<p>Hace una semana el Instituto Misionero de Agua y Saneamiento inform\u00f3 que se encontraba abocado<\/p>\n","protected":false},"author":1,"featured_media":27036,"comment_status":"open","ping_status":"open","sticky":false,"template":"","format":"standard","meta":{"footnotes":""},"categories":[1,226],"tags":[],"class_list":["post-27035","post","type-post","status-publish","format-standard","has-post-thumbnail","hentry","category-actualidad","category-locales"],"_links":{"self":[{"href":"https:\/\/actualizateiguazu.com\/v3\/wp-json\/wp\/v2\/posts\/27035","targetHints":{"allow":["GET"]}}],"collection":[{"href":"https:\/\/actualizateiguazu.com\/v3\/wp-json\/wp\/v2\/posts"}],"about":[{"href":"https:\/\/actualizateiguazu.com\/v3\/wp-json\/wp\/v2\/types\/post"}],"author":[{"embeddable":true,"href":"https:\/\/actualizateiguazu.com\/v3\/wp-json\/wp\/v2\/users\/1"}],"replies":[{"embeddable":true,"href":"https:\/\/actualizateiguazu.com\/v3\/wp-json\/wp\/v2\/comments?post=27035"}],"version-history":[{"count":1,"href":"https:\/\/actualizateiguazu.com\/v3\/wp-json\/wp\/v2\/posts\/27035\/revisions"}],"predecessor-version":[{"id":27038,"href":"https:\/\/actualizateiguazu.com\/v3\/wp-json\/wp\/v2\/posts\/27035\/revisions\/27038"}],"wp:featuredmedia":[{"embeddable":true,"href":"https:\/\/actualizateiguazu.com\/v3\/wp-json\/wp\/v2\/media\/27036"}],"wp:attachment":[{"href":"https:\/\/actualizateiguazu.com\/v3\/wp-json\/wp\/v2\/media?parent=27035"}],"wp:term":[{"taxonomy":"category","embeddable":true,"href":"https:\/\/actualizateiguazu.com\/v3\/wp-json\/wp\/v2\/categories?post=27035"},{"taxonomy":"post_tag","embeddable":true,"href":"https:\/\/actualizateiguazu.com\/v3\/wp-json\/wp\/v2\/tags?post=27035"}],"curies":[{"name":"wp","href":"https:\/\/api.w.org\/{rel}","templated":true}]}}