{"id":27042,"date":"2022-04-23T19:41:00","date_gmt":"2022-04-23T19:41:00","guid":{"rendered":"http:\/\/actualizateiguazu.com\/v3\/?p=27042"},"modified":"2022-04-23T19:41:04","modified_gmt":"2022-04-23T19:41:04","slug":"cartoneros-de-iguazu-marcharan-el-lunes-para-pedir-apoyo-al-municipio","status":"publish","type":"post","link":"https:\/\/actualizateiguazu.com\/v3\/2022\/04\/23\/cartoneros-de-iguazu-marcharan-el-lunes-para-pedir-apoyo-al-municipio\/","title":{"rendered":"Cartoneros de Iguaz\u00fa marchar\u00e1n el lunes para pedir apoyo al municipio"},"content":{"rendered":"\n<p>Los integrantes del Movimiento de Trabajadores Excluidos que trabajan en la rama cartoneros <strong>impulsando la econom\u00eda circular a trav\u00e9s de la separaci\u00f3n y recuperaci\u00f3n de materiales reciclables, aportando de gran manera al objetivo asumido por el municipio de reducir la cantidad de desechos que son enviados al relleno Sanitario de Caraguatay<\/strong>, marcharan el pr\u00f3ximo lunes por las calles c\u00e9ntricas de Puerto Iguaz\u00fa con el fin de visibilizar el trabajo que realizan y exigir\u00e1n el apoyo del municipio teniendo en cuenta el trabajo que llevan adelante.<\/p>\n\n\n\n<p>A trav\u00e9s de un comunicado dieron a conocer la acci\u00f3n que llevaran adelante \u201c<strong>Los compa\u00f1eros compa\u00f1eras del MTE de la rama cartonera de Iguaz\u00fa, nos vamos a manifestar el lunes 25 de Abril durante la ma\u00f1ana, haciendo una marcha, recorriendo la zona c\u00e9ntrica. Con el fin de visibilizar nuestro trabajo<\/strong>\u201d<\/p>\n\n\n\n<figure class=\"wp-block-image size-large\"><img loading=\"lazy\" decoding=\"async\" width=\"1024\" height=\"768\" src=\"https:\/\/actualizateiguazu.com\/v3\/wp-content\/uploads\/2022\/04\/IMG_20211029_112754812-1024x768.jpg\" alt=\"\" class=\"wp-image-27044\" srcset=\"https:\/\/actualizateiguazu.com\/v3\/wp-content\/uploads\/2022\/04\/IMG_20211029_112754812-1024x768.jpg 1024w, https:\/\/actualizateiguazu.com\/v3\/wp-content\/uploads\/2022\/04\/IMG_20211029_112754812-300x225.jpg 300w, https:\/\/actualizateiguazu.com\/v3\/wp-content\/uploads\/2022\/04\/IMG_20211029_112754812-768x576.jpg 768w, https:\/\/actualizateiguazu.com\/v3\/wp-content\/uploads\/2022\/04\/IMG_20211029_112754812-1536x1152.jpg 1536w, https:\/\/actualizateiguazu.com\/v3\/wp-content\/uploads\/2022\/04\/IMG_20211029_112754812-2048x1536.jpg 2048w, https:\/\/actualizateiguazu.com\/v3\/wp-content\/uploads\/2022\/04\/IMG_20211029_112754812-720x540.jpg 720w\" sizes=\"auto, (max-width: 1024px) 100vw, 1024px\" \/><\/figure>\n\n\n\n<p>Detallan en el escrito que diariamente realizan recorridos recolectando materiales en diferentes barrios de la ciudad, adem\u00e1s tratan de mantener \u00a0la limpieza de varios eco-puntos de la ciudad. \u201c<strong>Es importante que la poblaci\u00f3n entienda que la basura es un problema, y que pueden colaborar con nosotros y el medioambiente, separando los residuos en origen, es decir, en sus casas y as\u00ed colaboran con el compa\u00f1ero cartonero que sobrevive de la venta de esos materiales<\/strong>\u201d.<\/p>\n\n\n\n<p>\u201c<strong>Tambi\u00e9n nos dirigimos a la Municipalidad de Puerto Iguaz\u00fa y sus autoridades exigiendo que nos reconozcan, nos apoyen y nos provea de lo necesario para poder brindar este servicio a la comunidad.\u00a0 En este momento recolectamos, reciclamos y articulamos mucha cantidad de materiales cambiando el destino de los materiales que terminan en el basural a cielo abiert<\/strong>o\u201d<\/p>\n\n\n\n<p>El grupo de cartoneros asegur\u00f3 que han solicitado a la Municipalidad de Puerto Iguaz\u00fa un lugar de acopio para dignificar el trabajo que llevan adelante. \u201c<strong>En este momento acopiamos y reciclamos en nuestras casas hasta que podemos articularlo con la planta de reciclaje. Ya tuvimos varias instancias de di\u00e1logo con sectores de la municipalidad, pero seguimos sin respuestas concretas<\/strong>\u201d<\/p>\n\n\n\n<p>La Marcha se realizar\u00e1 de forma pac\u00edfica en el centro de Puerto Iguaz\u00fa.<\/p>\n","protected":false},"excerpt":{"rendered":"<p>Los integrantes del Movimiento de Trabajadores Excluidos que trabajan en la rama cartoneros impulsando la<\/p>\n","protected":false},"author":1,"featured_media":27043,"comment_status":"open","ping_status":"open","sticky":false,"template":"","format":"standard","meta":{"footnotes":""},"categories":[1,226],"tags":[],"class_list":["post-27042","post","type-post","status-publish","format-standard","has-post-thumbnail","hentry","category-actualidad","category-locales"],"_links":{"self":[{"href":"https:\/\/actualizateiguazu.com\/v3\/wp-json\/wp\/v2\/posts\/27042","targetHints":{"allow":["GET"]}}],"collection":[{"href":"https:\/\/actualizateiguazu.com\/v3\/wp-json\/wp\/v2\/posts"}],"about":[{"href":"https:\/\/actualizateiguazu.com\/v3\/wp-json\/wp\/v2\/types\/post"}],"author":[{"embeddable":true,"href":"https:\/\/actualizateiguazu.com\/v3\/wp-json\/wp\/v2\/users\/1"}],"replies":[{"embeddable":true,"href":"https:\/\/actualizateiguazu.com\/v3\/wp-json\/wp\/v2\/comments?post=27042"}],"version-history":[{"count":1,"href":"https:\/\/actualizateiguazu.com\/v3\/wp-json\/wp\/v2\/posts\/27042\/revisions"}],"predecessor-version":[{"id":27045,"href":"https:\/\/actualizateiguazu.com\/v3\/wp-json\/wp\/v2\/posts\/27042\/revisions\/27045"}],"wp:featuredmedia":[{"embeddable":true,"href":"https:\/\/actualizateiguazu.com\/v3\/wp-json\/wp\/v2\/media\/27043"}],"wp:attachment":[{"href":"https:\/\/actualizateiguazu.com\/v3\/wp-json\/wp\/v2\/media?parent=27042"}],"wp:term":[{"taxonomy":"category","embeddable":true,"href":"https:\/\/actualizateiguazu.com\/v3\/wp-json\/wp\/v2\/categories?post=27042"},{"taxonomy":"post_tag","embeddable":true,"href":"https:\/\/actualizateiguazu.com\/v3\/wp-json\/wp\/v2\/tags?post=27042"}],"curies":[{"name":"wp","href":"https:\/\/api.w.org\/{rel}","templated":true}]}}