{"id":27046,"date":"2022-04-23T20:12:04","date_gmt":"2022-04-23T20:12:04","guid":{"rendered":"http:\/\/actualizateiguazu.com\/v3\/?p=27046"},"modified":"2022-04-23T20:13:14","modified_gmt":"2022-04-23T20:13:14","slug":"san-ignacio-acusan-al-pueblo-mbya-de-usurpar-sus-propios-territorios","status":"publish","type":"post","link":"https:\/\/actualizateiguazu.com\/v3\/2022\/04\/23\/san-ignacio-acusan-al-pueblo-mbya-de-usurpar-sus-propios-territorios\/","title":{"rendered":"San Ignacio: acusan al pueblo Mbya de usurpar su propio territorio"},"content":{"rendered":"\n<p>Los Pueblos Ind\u00edgenas en Argentina tienen derecho a ser reconocidos como preexistentes y por lo tanto el Estado tiene la obligaci\u00f3n de reconocer la posesi\u00f3n de los territorios que ancestralmente ocupan. Sin embargo, a casi 30 a\u00f1os de la reforma del art\u00edculo 75 inciso 17 de la Constituci\u00f3n Nacional, aprobado como un hecho de reparaci\u00f3n hist\u00f3rica, a\u00fan contin\u00faan luchando por el cumplimiento de este derecho y el pleno respeto por su dignidad. El Equipo Misiones de Pastoral Aborigen (EMiPA) indic\u00f3 a trav\u00e9s de un comunicado que han acusado al pueblo Mbya de usurpar su propio terreno.<\/p>\n\n\n\n<p>D\u00edas atr\u00e1s, un reconocido medio provincial public\u00f3 un art\u00edculo en el que se denuncian usurpaciones en la zona del Tej\u00fa Cuar\u00e9, San Ignacio, acusando a diferentes grupos de personas, entre ellos a los Mbya guaran\u00ed.<\/p>\n\n\n\n<p>Textualmente, el intendente de San Ignacio, Javier Peralta, manifest\u00f3: <strong>\u201cLa intrusi\u00f3n es un problema grave en toda la provincia. Esta ma\u00f1ana fui a ver otro caso de intrusi\u00f3n en una calle cercana al cementerio y as\u00ed como ocuparon eso, tengo la usurpaci\u00f3n tambi\u00e9n de Pueblos Originarios en chacras con t\u00edtulo de propiedad y en 25 hect\u00e1reas de monte nativo en la misma zona\u201d.<\/strong><\/p>\n\n\n\n<figure class=\"wp-block-image size-large\"><img loading=\"lazy\" decoding=\"async\" width=\"1024\" height=\"767\" src=\"https:\/\/actualizateiguazu.com\/v3\/wp-content\/uploads\/2022\/04\/WhatsApp-Image-2022-04-22-at-5.21.24-PM-1024x767.jpeg\" alt=\"\" class=\"wp-image-27048\" srcset=\"https:\/\/actualizateiguazu.com\/v3\/wp-content\/uploads\/2022\/04\/WhatsApp-Image-2022-04-22-at-5.21.24-PM-1024x767.jpeg 1024w, https:\/\/actualizateiguazu.com\/v3\/wp-content\/uploads\/2022\/04\/WhatsApp-Image-2022-04-22-at-5.21.24-PM-300x225.jpeg 300w, https:\/\/actualizateiguazu.com\/v3\/wp-content\/uploads\/2022\/04\/WhatsApp-Image-2022-04-22-at-5.21.24-PM-768x575.jpeg 768w, https:\/\/actualizateiguazu.com\/v3\/wp-content\/uploads\/2022\/04\/WhatsApp-Image-2022-04-22-at-5.21.24-PM-720x540.jpeg 720w, https:\/\/actualizateiguazu.com\/v3\/wp-content\/uploads\/2022\/04\/WhatsApp-Image-2022-04-22-at-5.21.24-PM.jpeg 1280w\" sizes=\"auto, (max-width: 1024px) 100vw, 1024px\" \/><\/figure>\n\n\n\n<p>Y sigui\u00f3: \u201cLa intrusi\u00f3n ahora se da en este lugar, sabemos el grado de complejidad que tiene este tema y pagamos seguridad privada para que la gente no se instale en ciertos lugares que nosotros estamos pensando hacer otra cosa, por ejemplo, el Parque Industrial. A pesar de eso, la Municipalidad de San Ignacio no cuenta con las herramientas necesarias para evitar la intrusi\u00f3n, teniendo en cuenta que se dan entre el s\u00e1bado a la noche y el domingo y es dif\u00edcil de detectar y que se informe en tiempo y forma\u201d.<\/p>\n\n\n\n<p><strong>\u201cNo es novedad que un funcionario p\u00fablico desconozca las leyes de su pa\u00eds, o quiz\u00e1s, decida pasarlas por alto. Tampoco el tratamiento medi\u00e1tico que se le da a este tipo de situaciones y la falta de pol\u00edticas estatales para poner fin a la discriminaci\u00f3n, exclusi\u00f3n y marginaci\u00f3n que sufren los ind\u00edgenas\u201d indicaron desde EMiPA<\/strong><\/p>\n\n\n\n<p>\u201cPareciera ser que sus derechos colectivos son puras formalidades, porque en la realidad a diario son despojados de sus territorios, tratados como delincuentes y v\u00edctimas constantes de la industria extractiva que pone en peligro la biodiversidad\u201d resaltaron<\/p>\n\n\n\n<p>\u201cNadie puede intrusar lo que le es propio, los t\u00edtulos de propiedad dados por el Estado solo legalizan la apropiaci\u00f3n de los territorios ind\u00edgenas basados en el derecho de conquista heredado de Espa\u00f1a por la Argentina desde 1816\u201d, asegura el integrante del Equipo Misiones de Pastoral Aborigen (EMiPA), Vasco Baigorri.<\/p>\n\n\n\n<p>Mientras que desde la&nbsp; Organizaci\u00f3n Tradicional Mbya Guaran\u00ed Aty \u00d1eychyr\u00f5, expresaron a trav\u00e9s de un manifiesto: \u201cLas leyes de la Rep\u00fablica Argentina reconocen nuestra preexistencia pero no lo hacen as\u00ed las autoridades provinciales y municipales, no vemos una pol\u00edtica de Estado pro ind\u00edgena\u201d.<\/p>\n\n\n\n<p>\u201cNos preocupa, sobremanera, la actitud de aquellos intendentes que se manejan con acciones discriminatorias hacia nuestros hermanos consider\u00e1ndolos intrusos en las tierras ocupadas por los no ind\u00edgenas. (\u2026) Los Mbya no somos intrusos en nuestra propia tierra\u201d, sostuvieron.<\/p>\n\n\n\n<p>En la Semana de los Pueblos Ind\u00edgenas (del 19 al 25 de abril), resulta oportuno reflexionar acerca de estas cuestiones y repensar a nuestro pa\u00eds como un Estado multicultural, reflej\u00e1ndose en acciones que contribuyan a un verdadero reconocimiento de los Pueblos Ind\u00edgenas que habitan el suelo argentino incluso antes de que fuera delimitado como tal.<\/p>\n\n\n\n<p>Urgen pol\u00edticas p\u00fablicas nacionales, provinciales y municipales que protejan sus derechos y -de una vez por todas- criminalicen a los verdaderos usurpadores: la poblaci\u00f3n no ind\u00edgena, que se sirve a diario de su monte -su comida, su agua- y lo capitaliza en el propio bolsillo, mientras las Comunidades&nbsp; Ind\u00edgenas, guaran\u00ed en Misiones, deben&nbsp; vivir&nbsp; como exiliados en la tierra que habitan desde mucho antes de la llegada de los europeos.<\/p>\n","protected":false},"excerpt":{"rendered":"<p>Los Pueblos Ind\u00edgenas en Argentina tienen derecho a ser reconocidos como preexistentes y por lo<\/p>\n","protected":false},"author":1,"featured_media":27047,"comment_status":"open","ping_status":"open","sticky":false,"template":"","format":"standard","meta":{"footnotes":""},"categories":[1,229],"tags":[],"class_list":["post-27046","post","type-post","status-publish","format-standard","has-post-thumbnail","hentry","category-actualidad","category-provinciales"],"_links":{"self":[{"href":"https:\/\/actualizateiguazu.com\/v3\/wp-json\/wp\/v2\/posts\/27046","targetHints":{"allow":["GET"]}}],"collection":[{"href":"https:\/\/actualizateiguazu.com\/v3\/wp-json\/wp\/v2\/posts"}],"about":[{"href":"https:\/\/actualizateiguazu.com\/v3\/wp-json\/wp\/v2\/types\/post"}],"author":[{"embeddable":true,"href":"https:\/\/actualizateiguazu.com\/v3\/wp-json\/wp\/v2\/users\/1"}],"replies":[{"embeddable":true,"href":"https:\/\/actualizateiguazu.com\/v3\/wp-json\/wp\/v2\/comments?post=27046"}],"version-history":[{"count":2,"href":"https:\/\/actualizateiguazu.com\/v3\/wp-json\/wp\/v2\/posts\/27046\/revisions"}],"predecessor-version":[{"id":27050,"href":"https:\/\/actualizateiguazu.com\/v3\/wp-json\/wp\/v2\/posts\/27046\/revisions\/27050"}],"wp:featuredmedia":[{"embeddable":true,"href":"https:\/\/actualizateiguazu.com\/v3\/wp-json\/wp\/v2\/media\/27047"}],"wp:attachment":[{"href":"https:\/\/actualizateiguazu.com\/v3\/wp-json\/wp\/v2\/media?parent=27046"}],"wp:term":[{"taxonomy":"category","embeddable":true,"href":"https:\/\/actualizateiguazu.com\/v3\/wp-json\/wp\/v2\/categories?post=27046"},{"taxonomy":"post_tag","embeddable":true,"href":"https:\/\/actualizateiguazu.com\/v3\/wp-json\/wp\/v2\/tags?post=27046"}],"curies":[{"name":"wp","href":"https:\/\/api.w.org\/{rel}","templated":true}]}}