{"id":27051,"date":"2022-04-24T12:21:23","date_gmt":"2022-04-24T12:21:23","guid":{"rendered":"http:\/\/actualizateiguazu.com\/v3\/?p=27051"},"modified":"2022-04-24T12:21:27","modified_gmt":"2022-04-24T12:21:27","slug":"despensa-capli-hace-40-anos-fomentando-el-vecino-a-vecino-en-villa-tacuara","status":"publish","type":"post","link":"https:\/\/actualizateiguazu.com\/v3\/2022\/04\/24\/despensa-capli-hace-40-anos-fomentando-el-vecino-a-vecino-en-villa-tacuara\/","title":{"rendered":"Despensa Capli hace 40 a\u00f1os fomentando el vecino a vecino en Villa Tacuara"},"content":{"rendered":"\n<p>Como en todas las ciudades, los almacenes de barrio o despensas suelen desaparecer con el tiempo; la mayor\u00eda se transforma en minimercado y dependiendo de su af\u00e1n de crecimiento llegan a ser grandes mercados. No obstante, <strong>algunos propietarios prefieren mantener la esencia del almac\u00e9n, que consiste en la atenci\u00f3n personalizada y crear un lazo con el cliente que dura a\u00f1os, incluso existen vecinos que se mudan de lugar pero cada tanto vuelven al almac\u00e9n a comprar y a compartir una charla con el almacenero. El peque\u00f1o almac\u00e9n hoy cumple 40 a\u00f1os<\/strong>.<\/p>\n\n\n\n<p>Iguaz\u00fa cuenta con muy pocos almacenes que permanecen en el tiempo es el caso de la despensa Capli ubicada en barrio Villa Tacuara sobre calle Tambor de Tacuar\u00ed a una cuadra del tradicional club que lleva el nombre de la calle, donde concurren los ni\u00f1os y adolescentes a jugar al f\u00fatbol y al v\u00f3ley.<strong> El almac\u00e9n mantiene sus puertas abiertas desde el 24 de abril de 1982, mantiene sus paredes de madera, el mostrador y aun exhibe y utiliza una vieja balanza que le dan el toque especial y personalidad al peque\u00f1o negocio.<\/strong><\/p>\n\n\n\n<p>El negocio familiar comenz\u00f3 con Valent\u00edn Zenon Capli, que se dedicaba a la construcci\u00f3n y fue uno de los trabajadores que edificio el monumento o hito en la frontera de Iguaz\u00fa, el hombre que falleci\u00f3 en el a\u00f1o 2014, pens\u00f3 el negocio para que su esposa Rafaela Far\u00edas de 80 a\u00f1os de edad lo atendiera. Los a\u00f1os fueron pasando sus tres hijos crecieron, estudiaron y ahora uno de ellos lo administra.<\/p>\n\n\n\n<figure class=\"wp-block-image size-large\"><img loading=\"lazy\" decoding=\"async\" width=\"1024\" height=\"768\" src=\"https:\/\/actualizateiguazu.com\/v3\/wp-content\/uploads\/2022\/04\/IMG_20220423_180208591-1024x768.jpg\" alt=\"\" class=\"wp-image-27053\" srcset=\"https:\/\/actualizateiguazu.com\/v3\/wp-content\/uploads\/2022\/04\/IMG_20220423_180208591-1024x768.jpg 1024w, https:\/\/actualizateiguazu.com\/v3\/wp-content\/uploads\/2022\/04\/IMG_20220423_180208591-300x225.jpg 300w, https:\/\/actualizateiguazu.com\/v3\/wp-content\/uploads\/2022\/04\/IMG_20220423_180208591-768x576.jpg 768w, https:\/\/actualizateiguazu.com\/v3\/wp-content\/uploads\/2022\/04\/IMG_20220423_180208591-1536x1152.jpg 1536w, https:\/\/actualizateiguazu.com\/v3\/wp-content\/uploads\/2022\/04\/IMG_20220423_180208591-2048x1536.jpg 2048w, https:\/\/actualizateiguazu.com\/v3\/wp-content\/uploads\/2022\/04\/IMG_20220423_180208591-720x540.jpg 720w\" sizes=\"auto, (max-width: 1024px) 100vw, 1024px\" \/><\/figure>\n\n\n\n<p>\u201c<strong>Pap\u00e1 lo pens\u00f3 para que mantuvi\u00e9ramos el negocio, un d\u00eda me dijo que esto era nuestro y no quer\u00eda que se cierre, entonces me hice cargo, pero sinceramente no me ve\u00eda trabajando de comerciante, yo trabajaba para la Fuerza A\u00e9rea y hab\u00eda trabajado en el 78 en administraci\u00f3n pero nunca pens\u00e9 que fuera lo m\u00edo<\/strong>\u201d, cont\u00f3 Bernardo Capli de 64 a\u00f1os.<\/p>\n\n\n\n<p>\u201cSomos el t\u00edpico almac\u00e9n de barrio, conocemos a todos, abrimos temprano, cerramos un poco tarde, los vecinos vienen charlamos, incluso vienen de lejos a comprar ac\u00e1 por la atenci\u00f3n. Tenemos clientes que pasan todos los d\u00edas que no son del barrio. Y turistas que se alojan en las caba\u00f1as, que vienen y se ven sorprendidos porque no siempre conocen lo que realmente es una despensa de barrio\u201d, explic\u00f3 Bernardo Capli.<\/p>\n\n\n\n<p>El almac\u00e9n se sostuvo en el tiempo pese a las adversidades y a la competencia ya que est\u00e1 rodeado de supermercados, el secreto fue mantenerse en sus principios y ofrecer lo que mejor saben hacer que es la atenci\u00f3n personalizada. \u201c<strong>Vivimos tiempos dif\u00edciles, en la d\u00e9cada del 90 con el 1 a 1, ve\u00edamos a los vecinos que llegaban con bolsas de los supermercados de Brasil y las dem\u00e1s despensas de la zona que ahora ya no est\u00e1n comenzaron a vender productos brasile\u00f1os, nosotros no, desde 1982 s\u00f3lo vendemos productos argentinos antes solo ten\u00edamos primeras marcas, ahora somos m\u00e1s flexibles en eso<\/strong>\u201d, resalt\u00f3 Bernardo y agreg\u00f3: \u201cD<strong>espu\u00e9s llegaron los supermercados, pero nos mantuvimos, hay clientes para todos, y lo que nosotros tenemos es la atenci\u00f3n personalizada y el trato con la gente, por eso siempre vuelven<\/strong>\u201d.<\/p>\n\n\n\n<p>Capli conto que su madre Rafaela, hace aproximadamente 7 a\u00f1os dej\u00f3 de atender al p\u00fablico, sin embargo siempre est\u00e1 controlando que las cosas est\u00e9n en su lugar, pese a sus problemas de salud.<\/p>\n\n\n\n<p>El almac\u00e9n estuvo a punto de ser declarado patrimonio hist\u00f3rico, \u201c<strong>en el 2015 el intendente en ese momento Marcelo S\u00e1nchez habl\u00f3 conmigo para declararlo patrimonio hist\u00f3rico y yo le dije que no porque no sab\u00eda si lo modificar\u00edamos pero han pasado cinco a\u00f1os y no creo que lo modifiquemos, porque notamos que a los turistas les llama la atenci\u00f3n la despensa y queremos mantener eso<\/strong>\u201d<\/p>\n","protected":false},"excerpt":{"rendered":"<p>Como en todas las ciudades, los almacenes de barrio o despensas suelen desaparecer con el<\/p>\n","protected":false},"author":1,"featured_media":27052,"comment_status":"open","ping_status":"open","sticky":false,"template":"","format":"standard","meta":{"footnotes":""},"categories":[1,226],"tags":[],"class_list":["post-27051","post","type-post","status-publish","format-standard","has-post-thumbnail","hentry","category-actualidad","category-locales"],"_links":{"self":[{"href":"https:\/\/actualizateiguazu.com\/v3\/wp-json\/wp\/v2\/posts\/27051","targetHints":{"allow":["GET"]}}],"collection":[{"href":"https:\/\/actualizateiguazu.com\/v3\/wp-json\/wp\/v2\/posts"}],"about":[{"href":"https:\/\/actualizateiguazu.com\/v3\/wp-json\/wp\/v2\/types\/post"}],"author":[{"embeddable":true,"href":"https:\/\/actualizateiguazu.com\/v3\/wp-json\/wp\/v2\/users\/1"}],"replies":[{"embeddable":true,"href":"https:\/\/actualizateiguazu.com\/v3\/wp-json\/wp\/v2\/comments?post=27051"}],"version-history":[{"count":1,"href":"https:\/\/actualizateiguazu.com\/v3\/wp-json\/wp\/v2\/posts\/27051\/revisions"}],"predecessor-version":[{"id":27054,"href":"https:\/\/actualizateiguazu.com\/v3\/wp-json\/wp\/v2\/posts\/27051\/revisions\/27054"}],"wp:featuredmedia":[{"embeddable":true,"href":"https:\/\/actualizateiguazu.com\/v3\/wp-json\/wp\/v2\/media\/27052"}],"wp:attachment":[{"href":"https:\/\/actualizateiguazu.com\/v3\/wp-json\/wp\/v2\/media?parent=27051"}],"wp:term":[{"taxonomy":"category","embeddable":true,"href":"https:\/\/actualizateiguazu.com\/v3\/wp-json\/wp\/v2\/categories?post=27051"},{"taxonomy":"post_tag","embeddable":true,"href":"https:\/\/actualizateiguazu.com\/v3\/wp-json\/wp\/v2\/tags?post=27051"}],"curies":[{"name":"wp","href":"https:\/\/api.w.org\/{rel}","templated":true}]}}