{"id":27058,"date":"2022-04-24T18:19:56","date_gmt":"2022-04-24T18:19:56","guid":{"rendered":"http:\/\/actualizateiguazu.com\/v3\/?p=27058"},"modified":"2022-04-24T18:24:38","modified_gmt":"2022-04-24T18:24:38","slug":"esta-semana-vacunaran-contra-el-hpv-en-las-escuelas-primarias","status":"publish","type":"post","link":"https:\/\/actualizateiguazu.com\/v3\/2022\/04\/24\/esta-semana-vacunaran-contra-el-hpv-en-las-escuelas-primarias\/","title":{"rendered":"Esta semana vacunar\u00e1n contra el HPV en las escuelas primarias"},"content":{"rendered":"\n<p>Desde el pasado lunes 18 y hasta el d\u00eda 29 de abril, las asociaciones, entidades y personas que conforman el grupo Cuidate Iguaz\u00fa, est\u00e1n trabajando en la concientizacion, divulgaci\u00f3n y la vacunaci\u00f3n contra el virus del HPV (virus del papiloma humano), brindando charlas en las escuelas. Cabe recordar que dentro del calendario de vacunaci\u00f3n est\u00e1 contemplada esta vacuna para prevenir el virus y deben vacunarse todos los ni\u00f1os entre los 10 y los 12 a\u00f1os.<\/p>\n\n\n\n<p>Durante la semana pasada los ni\u00f1os de 5to a 7mo grado junto con los padres que acompa\u00f1aron y docentes, recibieron charlas de Lis profesionales de obstetricia del Hodpital Samic Iguaz\u00fa, y a partir del lunes 25, se colocar\u00e1 la vacuna en los mismos establecimientos, tarea a cargo del personal de salud del \u00c1rea Program\u00e1tica 15.<\/p>\n\n\n\n<p>Desde cu\u00eddate Iguazu, resaltaron la importancia de que los ni\u00f1os reciban esta vacuna y de esta manera prevenir el virus, y asi disminuir los riesgos de contagio. Asismismo que esta enfermedad, puede derivar en un c\u00e1ncer de la zona afectada.<\/p>\n\n\n\n<p><strong>Para que los menores puedan ser vacunados, deben:<\/strong><\/p>\n\n\n\n<p>&#8211; ser acompa\u00f1ado de un adulto responsable o<\/p>\n\n\n\n<p>&#8211; llevar la autorizaci\u00f3n escrita del mismo<\/p>\n\n\n\n<p>&#8211; llevar el DNI<\/p>\n\n\n\n<p>&#8211; llevar el carnet de vacunaci\u00f3n<\/p>\n\n\n\n<p>Pueden acercarse a vacunarse ni\u00f1os que no sean alumnos del establecimiento si van acompa\u00f1ados de un adulto. El horario de vacunaci\u00f3n en los colegios es a partir de las 08 hs. Tambi\u00e9n se pueden vacunar en alguno de los 12 Caps de nuestra ciudad.<\/p>\n\n\n\n<p><strong>Cronograma de vacunaci\u00f3n:<\/strong><\/p>\n\n\n\n<p><strong>LUNES 25- 8HS<\/strong><\/p>\n\n\n\n<p>Esc. 615\/746: Barrio Centro<\/p>\n\n\n\n<p><strong>MARTES 26-8HS<\/strong><\/p>\n\n\n\n<p>Esc. 778- Barrio Santa Rosas<\/p>\n\n\n\n<p><strong>MI\u00c9RCOLES 27-8HS<\/strong><\/p>\n\n\n\n<p>Esc. 412- Barrio Malvinas<\/p>\n\n\n\n<p><strong>JUEVES 28-8HS<\/strong><\/p>\n\n\n\n<p>Esc. 954- Barrio: Altos del Paran\u00e1<\/p>\n\n\n\n<p><strong>VIERNES 29- 8HS<\/strong><\/p>\n\n\n\n<p>Esc. Taratuty- Barrio: 1ro de Mayo<\/p>\n\n\n\n<p><strong>VIERNES 29-10HS<\/strong><\/p>\n\n\n\n<p>Esc. 164 Barrio: Villa Nueva<\/p>\n","protected":false},"excerpt":{"rendered":"<p>Desde el pasado lunes 18 y hasta el d\u00eda 29 de abril, las asociaciones, entidades<\/p>\n","protected":false},"author":1,"featured_media":27059,"comment_status":"open","ping_status":"open","sticky":false,"template":"","format":"standard","meta":{"footnotes":""},"categories":[1,226,231],"tags":[],"class_list":["post-27058","post","type-post","status-publish","format-standard","has-post-thumbnail","hentry","category-actualidad","category-locales","category-salud"],"_links":{"self":[{"href":"https:\/\/actualizateiguazu.com\/v3\/wp-json\/wp\/v2\/posts\/27058","targetHints":{"allow":["GET"]}}],"collection":[{"href":"https:\/\/actualizateiguazu.com\/v3\/wp-json\/wp\/v2\/posts"}],"about":[{"href":"https:\/\/actualizateiguazu.com\/v3\/wp-json\/wp\/v2\/types\/post"}],"author":[{"embeddable":true,"href":"https:\/\/actualizateiguazu.com\/v3\/wp-json\/wp\/v2\/users\/1"}],"replies":[{"embeddable":true,"href":"https:\/\/actualizateiguazu.com\/v3\/wp-json\/wp\/v2\/comments?post=27058"}],"version-history":[{"count":2,"href":"https:\/\/actualizateiguazu.com\/v3\/wp-json\/wp\/v2\/posts\/27058\/revisions"}],"predecessor-version":[{"id":27061,"href":"https:\/\/actualizateiguazu.com\/v3\/wp-json\/wp\/v2\/posts\/27058\/revisions\/27061"}],"wp:featuredmedia":[{"embeddable":true,"href":"https:\/\/actualizateiguazu.com\/v3\/wp-json\/wp\/v2\/media\/27059"}],"wp:attachment":[{"href":"https:\/\/actualizateiguazu.com\/v3\/wp-json\/wp\/v2\/media?parent=27058"}],"wp:term":[{"taxonomy":"category","embeddable":true,"href":"https:\/\/actualizateiguazu.com\/v3\/wp-json\/wp\/v2\/categories?post=27058"},{"taxonomy":"post_tag","embeddable":true,"href":"https:\/\/actualizateiguazu.com\/v3\/wp-json\/wp\/v2\/tags?post=27058"}],"curies":[{"name":"wp","href":"https:\/\/api.w.org\/{rel}","templated":true}]}}