{"id":27068,"date":"2022-04-25T01:13:39","date_gmt":"2022-04-25T01:13:39","guid":{"rendered":"http:\/\/actualizateiguazu.com\/v3\/?p=27068"},"modified":"2022-04-25T01:13:43","modified_gmt":"2022-04-25T01:13:43","slug":"familias-de-victimas-se-reunieron-y-decidieron-marchar-para-exigir-justicia-por-bruno-mendez","status":"publish","type":"post","link":"https:\/\/actualizateiguazu.com\/v3\/2022\/04\/25\/familias-de-victimas-se-reunieron-y-decidieron-marchar-para-exigir-justicia-por-bruno-mendez\/","title":{"rendered":"Familias de v\u00edctimas se reunieron y decidieron marchar para exigir justicia por Bruno M\u00e9ndez"},"content":{"rendered":"\n<p>En la tarde del domingo la agrupaci\u00f3n Mujeres Autoconvocadas Iguaz\u00fa se reunieron en la plaza San Martin, junto a los familiares de Vilma Mercado para pintar una bandera para exigir al superior tribunal de Justicia que ratifique la condena de Leandro Villar, <strong>adem\u00e1s se hicieron presentes v\u00edctimas de violencia buscando alg\u00fan tipo de orientaci\u00f3n para acudir a la justicia y los familiares de Bruno M\u00e9ndez. En asamblea decidieron marchar el pr\u00f3ximo 4 de mayo, para exigir el cambio de caratula de la causa<\/strong>.<\/p>\n\n\n\n<p>Una de las mayores preocupaciones dela familia de Bruno M\u00e9ndez y de la agrupaci\u00f3n es exigir el cambio de caratula, actualmente la causa esta Caratulada como \u201c<strong>homicidio simple criminis causa y abuso sexual\u201d, tanto la familia como la agrupaci\u00f3n exigen que la caratula pase a ser Femicidio Vinculado\u201d <\/strong>ya que Bruno M\u00e9ndez fue asesinado cuando intento defender a su pareja este \u00faltimo prev\u00e9 la pena de cadena Perpetua.<\/p>\n\n\n\n<p>La familia convoca a una marcha para exigir justicia por Bruno y por la joven abusada por el Polaquito, para <strong>el pr\u00f3ximo mi\u00e9rcoles 4 de mayo a las 17hs. La concentraci\u00f3n ser\u00e1 en la plaza San Martin luego marcharan hacia el Juzgado de instrucci\u00f3n N\u00b0 3<\/strong>.<\/p>\n\n\n\n<figure class=\"wp-block-image size-large\"><img loading=\"lazy\" decoding=\"async\" width=\"1024\" height=\"768\" src=\"https:\/\/actualizateiguazu.com\/v3\/wp-content\/uploads\/2022\/04\/IMG_20220424_175147310-1024x768.jpg\" alt=\"\" class=\"wp-image-27070\" srcset=\"https:\/\/actualizateiguazu.com\/v3\/wp-content\/uploads\/2022\/04\/IMG_20220424_175147310-1024x768.jpg 1024w, https:\/\/actualizateiguazu.com\/v3\/wp-content\/uploads\/2022\/04\/IMG_20220424_175147310-300x225.jpg 300w, https:\/\/actualizateiguazu.com\/v3\/wp-content\/uploads\/2022\/04\/IMG_20220424_175147310-768x576.jpg 768w, https:\/\/actualizateiguazu.com\/v3\/wp-content\/uploads\/2022\/04\/IMG_20220424_175147310-1536x1152.jpg 1536w, https:\/\/actualizateiguazu.com\/v3\/wp-content\/uploads\/2022\/04\/IMG_20220424_175147310-2048x1536.jpg 2048w, https:\/\/actualizateiguazu.com\/v3\/wp-content\/uploads\/2022\/04\/IMG_20220424_175147310-720x540.jpg 720w\" sizes=\"auto, (max-width: 1024px) 100vw, 1024px\" \/><\/figure>\n\n\n\n<p>Adem\u00e1s, durante la reuni\u00f3n la agrupaci\u00f3n junto a los familiares de Vilma Mercado pintaron una bandera que usaran para una nueva movilizaci\u00f3n para exigir al tribunal superior de Justicia que ratifique la sentencia de Leandro Villar que fue apelada por el joven que fue encontrado culpable de asesinar a la joven de 18 a\u00f1os a fines del a\u00f1o 2.019 en una zona de monte sobre la ruta nacional N\u00b0 12.<\/p>\n","protected":false},"excerpt":{"rendered":"<p>En la tarde del domingo la agrupaci\u00f3n Mujeres Autoconvocadas Iguaz\u00fa se reunieron en la plaza<\/p>\n","protected":false},"author":1,"featured_media":27069,"comment_status":"open","ping_status":"open","sticky":false,"template":"","format":"standard","meta":{"footnotes":""},"categories":[1,226],"tags":[],"class_list":["post-27068","post","type-post","status-publish","format-standard","has-post-thumbnail","hentry","category-actualidad","category-locales"],"_links":{"self":[{"href":"https:\/\/actualizateiguazu.com\/v3\/wp-json\/wp\/v2\/posts\/27068","targetHints":{"allow":["GET"]}}],"collection":[{"href":"https:\/\/actualizateiguazu.com\/v3\/wp-json\/wp\/v2\/posts"}],"about":[{"href":"https:\/\/actualizateiguazu.com\/v3\/wp-json\/wp\/v2\/types\/post"}],"author":[{"embeddable":true,"href":"https:\/\/actualizateiguazu.com\/v3\/wp-json\/wp\/v2\/users\/1"}],"replies":[{"embeddable":true,"href":"https:\/\/actualizateiguazu.com\/v3\/wp-json\/wp\/v2\/comments?post=27068"}],"version-history":[{"count":1,"href":"https:\/\/actualizateiguazu.com\/v3\/wp-json\/wp\/v2\/posts\/27068\/revisions"}],"predecessor-version":[{"id":27071,"href":"https:\/\/actualizateiguazu.com\/v3\/wp-json\/wp\/v2\/posts\/27068\/revisions\/27071"}],"wp:featuredmedia":[{"embeddable":true,"href":"https:\/\/actualizateiguazu.com\/v3\/wp-json\/wp\/v2\/media\/27069"}],"wp:attachment":[{"href":"https:\/\/actualizateiguazu.com\/v3\/wp-json\/wp\/v2\/media?parent=27068"}],"wp:term":[{"taxonomy":"category","embeddable":true,"href":"https:\/\/actualizateiguazu.com\/v3\/wp-json\/wp\/v2\/categories?post=27068"},{"taxonomy":"post_tag","embeddable":true,"href":"https:\/\/actualizateiguazu.com\/v3\/wp-json\/wp\/v2\/tags?post=27068"}],"curies":[{"name":"wp","href":"https:\/\/api.w.org\/{rel}","templated":true}]}}