{"id":27072,"date":"2022-04-25T01:38:09","date_gmt":"2022-04-25T01:38:09","guid":{"rendered":"http:\/\/actualizateiguazu.com\/v3\/?p=27072"},"modified":"2022-04-25T01:39:40","modified_gmt":"2022-04-25T01:39:40","slug":"cansados-de-esperar-que-se-regularice-el-servicio-se-manifestaron-frente-a-imas","status":"publish","type":"post","link":"https:\/\/actualizateiguazu.com\/v3\/2022\/04\/25\/cansados-de-esperar-que-se-regularice-el-servicio-se-manifestaron-frente-a-imas\/","title":{"rendered":"Cansados de esperar que se regularice el servicio se manifestaron frente a IMAS"},"content":{"rendered":"\n<p>Vecinos del barrio Malvinas y de otros barrios c\u00e9ntricos se reunieron en la explanada de la Liga Regional de Futbol para participar de una asamblea para decidir los pasos a seguir para exigir la regularizaci\u00f3n del suministro de agua potable. En esta oportunidad todas las personas que asistieron a la reuni\u00f3n indicaron que hace casi tres emanas est\u00e1n sin agua.<\/p>\n\n\n\n<figure class=\"wp-block-image size-full\"><img loading=\"lazy\" decoding=\"async\" width=\"720\" height=\"423\" src=\"https:\/\/actualizateiguazu.com\/v3\/wp-content\/uploads\/2022\/04\/WhatsApp-Image-2022-04-24-at-8.11.07-PM-1.jpeg\" alt=\"\" class=\"wp-image-27075\" srcset=\"https:\/\/actualizateiguazu.com\/v3\/wp-content\/uploads\/2022\/04\/WhatsApp-Image-2022-04-24-at-8.11.07-PM-1.jpeg 720w, https:\/\/actualizateiguazu.com\/v3\/wp-content\/uploads\/2022\/04\/WhatsApp-Image-2022-04-24-at-8.11.07-PM-1-300x176.jpeg 300w\" sizes=\"auto, (max-width: 720px) 100vw, 720px\" \/><\/figure>\n\n\n\n<p>Luego de dialogar\u00a0 acerca de la problem\u00e1tica el grupo de personas decidi\u00f3 cortar media calzada por 15 minutos, luego marcharon hacia el predio de IMAS ubicado sobre avenida Victoria Aguirre y permanecieron en el lugar aproximadamente 1 hora visibilizando la problem\u00e1tica \u201c<strong>El problema en com\u00fan es que hace m\u00e1s de una semana de forma continua que no nos llega nada de agua a nuestras casas. Y algunos denunciaron que hace m\u00e1s de 15 d\u00edas<\/strong>\u201d<\/p>\n\n\n\n<p>El grupo de personas resolvi\u00f3 volver el martes en el mismo lugar a las 18hs para continuar con la protesta para exigir la normalizaci\u00f3n del servicio.<\/p>\n\n\n\n<figure class=\"wp-block-image size-full\"><img loading=\"lazy\" decoding=\"async\" width=\"720\" height=\"541\" src=\"https:\/\/actualizateiguazu.com\/v3\/wp-content\/uploads\/2022\/04\/WhatsApp-Image-2022-04-24-at-9.19.01-PM.jpeg\" alt=\"\" class=\"wp-image-27073\" srcset=\"https:\/\/actualizateiguazu.com\/v3\/wp-content\/uploads\/2022\/04\/WhatsApp-Image-2022-04-24-at-9.19.01-PM.jpeg 720w, https:\/\/actualizateiguazu.com\/v3\/wp-content\/uploads\/2022\/04\/WhatsApp-Image-2022-04-24-at-9.19.01-PM-300x225.jpeg 300w\" sizes=\"auto, (max-width: 720px) 100vw, 720px\" \/><\/figure>\n\n\n\n<p>Por su parte desde IMAS emitieron un comunicado donde indicaron que registraron problemas con el servicio de energ\u00eda el\u00e9ctrica que imposibilito la producci\u00f3n de agua por varias horas y que est\u00e1n trabajando para normalizar el servicio.<\/p>\n","protected":false},"excerpt":{"rendered":"<p>Vecinos del barrio Malvinas y de otros barrios c\u00e9ntricos se reunieron en la explanada de<\/p>\n","protected":false},"author":1,"featured_media":27074,"comment_status":"open","ping_status":"open","sticky":false,"template":"","format":"standard","meta":{"footnotes":""},"categories":[1,226],"tags":[],"class_list":["post-27072","post","type-post","status-publish","format-standard","has-post-thumbnail","hentry","category-actualidad","category-locales"],"_links":{"self":[{"href":"https:\/\/actualizateiguazu.com\/v3\/wp-json\/wp\/v2\/posts\/27072","targetHints":{"allow":["GET"]}}],"collection":[{"href":"https:\/\/actualizateiguazu.com\/v3\/wp-json\/wp\/v2\/posts"}],"about":[{"href":"https:\/\/actualizateiguazu.com\/v3\/wp-json\/wp\/v2\/types\/post"}],"author":[{"embeddable":true,"href":"https:\/\/actualizateiguazu.com\/v3\/wp-json\/wp\/v2\/users\/1"}],"replies":[{"embeddable":true,"href":"https:\/\/actualizateiguazu.com\/v3\/wp-json\/wp\/v2\/comments?post=27072"}],"version-history":[{"count":2,"href":"https:\/\/actualizateiguazu.com\/v3\/wp-json\/wp\/v2\/posts\/27072\/revisions"}],"predecessor-version":[{"id":27078,"href":"https:\/\/actualizateiguazu.com\/v3\/wp-json\/wp\/v2\/posts\/27072\/revisions\/27078"}],"wp:featuredmedia":[{"embeddable":true,"href":"https:\/\/actualizateiguazu.com\/v3\/wp-json\/wp\/v2\/media\/27074"}],"wp:attachment":[{"href":"https:\/\/actualizateiguazu.com\/v3\/wp-json\/wp\/v2\/media?parent=27072"}],"wp:term":[{"taxonomy":"category","embeddable":true,"href":"https:\/\/actualizateiguazu.com\/v3\/wp-json\/wp\/v2\/categories?post=27072"},{"taxonomy":"post_tag","embeddable":true,"href":"https:\/\/actualizateiguazu.com\/v3\/wp-json\/wp\/v2\/tags?post=27072"}],"curies":[{"name":"wp","href":"https:\/\/api.w.org\/{rel}","templated":true}]}}