{"id":27079,"date":"2022-04-25T09:46:43","date_gmt":"2022-04-25T09:46:43","guid":{"rendered":"http:\/\/actualizateiguazu.com\/v3\/?p=27079"},"modified":"2022-04-25T09:49:27","modified_gmt":"2022-04-25T09:49:27","slug":"tomaron-fotos-que-muestran-a-las-cataratas-argentinas-de-noche-y-bajo-las-estrellas","status":"publish","type":"post","link":"https:\/\/actualizateiguazu.com\/v3\/2022\/04\/25\/tomaron-fotos-que-muestran-a-las-cataratas-argentinas-de-noche-y-bajo-las-estrellas\/","title":{"rendered":"Tomaron fotos que muestran a las Cataratas argentinas de noche y bajo las estrellas."},"content":{"rendered":"\n<p><strong>Las fotos fueron realizadas por el astrofot\u00f3grafo Pablo Cirielli<\/strong>, un apasionado en retratar la V\u00eda L\u00e1ctea en los escenarios m\u00e1s imponentes de Argentina y el mundo. <strong>Pablo es astrofot\u00f3grafo desde 2010, tiene una gran trayectoria como docente en esta disciplina y como organizador de viajes para experimentar paisajes \u00fanicos como las auroras boreales. <\/strong>Adem\u00e1s, desde 2015 es colaborador del programa Fen\u00f3menos, que se emite por la pantalla de TN, haciendo coberturas relacionadas a la astronom\u00eda.<\/p>\n\n\n\n<p><strong>La sesi\u00f3n fue resultado de un trabajo en conjunto de Iguaz\u00fa Argentina y el fot\u00f3grafo, y se realiz\u00f3 durante las noches del 1 y 2 de abril en el lado argentino de las Cataratas del Iguaz\u00fa.<\/strong> Los saltos protagonistas fueron la Garganta del Diablo y los saltos Dos Hermanas y Bosetti, que tienen ubicaciones de privilegio para disfrutar de vistas m\u00e1gicas y de la ca\u00edda del agua a tan solo metros de distancia.<\/p>\n\n\n\n<figure class=\"wp-block-image size-large\"><img loading=\"lazy\" decoding=\"async\" width=\"747\" height=\"1024\" src=\"https:\/\/actualizateiguazu.com\/v3\/wp-content\/uploads\/2022\/04\/salto-bosetti-1ig-747x1024.jpg\" alt=\"\" class=\"wp-image-27081\" srcset=\"https:\/\/actualizateiguazu.com\/v3\/wp-content\/uploads\/2022\/04\/salto-bosetti-1ig-747x1024.jpg 747w, https:\/\/actualizateiguazu.com\/v3\/wp-content\/uploads\/2022\/04\/salto-bosetti-1ig-219x300.jpg 219w, https:\/\/actualizateiguazu.com\/v3\/wp-content\/uploads\/2022\/04\/salto-bosetti-1ig-768x1053.jpg 768w, https:\/\/actualizateiguazu.com\/v3\/wp-content\/uploads\/2022\/04\/salto-bosetti-1ig.jpg 788w\" sizes=\"auto, (max-width: 747px) 100vw, 747px\" \/><\/figure>\n\n\n\n<p>Es la primera vez que se realiza un registro fotogr\u00e1fico de la V\u00eda L\u00e1ctea en las Cataratas del Iguaz\u00fa de nuestro pa\u00eds. <strong>El trabajo tuvo como desaf\u00edo mostrar no solo la belleza de nuestra maravilla natural durante la noche sino tambi\u00e9n los colores deslumbrantes de un cielo colmado de estrellas, las cuales crearon postales \u00fanicas en el mundo<\/strong>.<\/p>\n\n\n\n<p>Luego de la visita la empresa concesionaria del \u00c1rea Cataratas del Parque Nacional Iguaz\u00fa Argentino, hizo p\u00fablica una serie de fotos que muestran a las majestuosas Cataratas del lado argentino de una forma in\u00e9dita, de noche y con el cielo colmado de estrellas.<\/p>\n\n\n\n<figure class=\"wp-block-image size-large\"><img loading=\"lazy\" decoding=\"async\" width=\"683\" height=\"1024\" src=\"https:\/\/actualizateiguazu.com\/v3\/wp-content\/uploads\/2022\/04\/garganta-1-ig-683x1024.jpg\" alt=\"\" class=\"wp-image-27082\" srcset=\"https:\/\/actualizateiguazu.com\/v3\/wp-content\/uploads\/2022\/04\/garganta-1-ig-683x1024.jpg 683w, https:\/\/actualizateiguazu.com\/v3\/wp-content\/uploads\/2022\/04\/garganta-1-ig-200x300.jpg 200w, https:\/\/actualizateiguazu.com\/v3\/wp-content\/uploads\/2022\/04\/garganta-1-ig.jpg 720w\" sizes=\"auto, (max-width: 683px) 100vw, 683px\" \/><\/figure>\n\n\n\n<p>Cabe destacar que llevar a cabo este tipo de registro requiere de mucha planificaci\u00f3n. Por un lado, las fechas elegidas se definieron con meses de anticipaci\u00f3n ya que, en esta \u00e9poca del a\u00f1o, el centro gal\u00e1ctico empieza a asomar despu\u00e9s del atardecer, lo que permite ser captado. Por otro lado, se necesit\u00f3 ayuda de la tecnolog\u00eda y de aplicaciones espec\u00edficas para conocer los horarios de las mejores ubicaciones de las estrellas en relaci\u00f3n con los paisajes, por lo que las locaciones para cada foto se establecieron con anterioridad.<\/p>\n\n\n\n<p><strong>El personal de Iguaz\u00fa Argentina y el fot\u00f3grafo Pablo Cirielli estuvieron acompa\u00f1ados por guardaparques de Parques Nacionales en todas las jornadas e ingresaron de noche al \u00c1rea Cataratas, pudiendo disfrutar de las pasarelas y circuitos rodeados solamente de naturaleza y de los aromas y sonidos de la selva misionera.<\/strong><\/p>\n\n\n\n<p>En el Parque Nacional Iguaz\u00fa se puede vivir una experiencia de noche en el \u00c1rea Cataratas con el Paseo de luna llena, que se realiza \u00fanicamente 5 noches al mes y cuyos tickets se compran en tickets.iguazuargentina.com<\/p>\n","protected":false},"excerpt":{"rendered":"<p>Las fotos fueron realizadas por el astrofot\u00f3grafo Pablo Cirielli, un apasionado en retratar la V\u00eda<\/p>\n","protected":false},"author":1,"featured_media":27080,"comment_status":"open","ping_status":"open","sticky":false,"template":"","format":"standard","meta":{"footnotes":""},"categories":[1,226],"tags":[],"class_list":["post-27079","post","type-post","status-publish","format-standard","has-post-thumbnail","hentry","category-actualidad","category-locales"],"_links":{"self":[{"href":"https:\/\/actualizateiguazu.com\/v3\/wp-json\/wp\/v2\/posts\/27079","targetHints":{"allow":["GET"]}}],"collection":[{"href":"https:\/\/actualizateiguazu.com\/v3\/wp-json\/wp\/v2\/posts"}],"about":[{"href":"https:\/\/actualizateiguazu.com\/v3\/wp-json\/wp\/v2\/types\/post"}],"author":[{"embeddable":true,"href":"https:\/\/actualizateiguazu.com\/v3\/wp-json\/wp\/v2\/users\/1"}],"replies":[{"embeddable":true,"href":"https:\/\/actualizateiguazu.com\/v3\/wp-json\/wp\/v2\/comments?post=27079"}],"version-history":[{"count":2,"href":"https:\/\/actualizateiguazu.com\/v3\/wp-json\/wp\/v2\/posts\/27079\/revisions"}],"predecessor-version":[{"id":27084,"href":"https:\/\/actualizateiguazu.com\/v3\/wp-json\/wp\/v2\/posts\/27079\/revisions\/27084"}],"wp:featuredmedia":[{"embeddable":true,"href":"https:\/\/actualizateiguazu.com\/v3\/wp-json\/wp\/v2\/media\/27080"}],"wp:attachment":[{"href":"https:\/\/actualizateiguazu.com\/v3\/wp-json\/wp\/v2\/media?parent=27079"}],"wp:term":[{"taxonomy":"category","embeddable":true,"href":"https:\/\/actualizateiguazu.com\/v3\/wp-json\/wp\/v2\/categories?post=27079"},{"taxonomy":"post_tag","embeddable":true,"href":"https:\/\/actualizateiguazu.com\/v3\/wp-json\/wp\/v2\/tags?post=27079"}],"curies":[{"name":"wp","href":"https:\/\/api.w.org\/{rel}","templated":true}]}}