{"id":27088,"date":"2022-04-25T10:37:20","date_gmt":"2022-04-25T10:37:20","guid":{"rendered":"http:\/\/actualizateiguazu.com\/v3\/?p=27088"},"modified":"2022-04-25T10:37:25","modified_gmt":"2022-04-25T10:37:25","slug":"contundente-triunfo-de-pablo-arganaraz-en-las-internas-de-la-ucr-misiones","status":"publish","type":"post","link":"https:\/\/actualizateiguazu.com\/v3\/2022\/04\/25\/contundente-triunfo-de-pablo-arganaraz-en-las-internas-de-la-ucr-misiones\/","title":{"rendered":"Contundente triunfo de Pablo Arga\u00f1araz en las internas de la UCR Misiones"},"content":{"rendered":"\n<p>Obtuvo el 50% por ciento de los votos frente a un 39 por ciento de la lista de Bruno Gini, y 10 por ciento de Javier Mela. El concejal de Posadas Pablo Arga\u00f1araz se qued\u00f3 con las internas de la Uni\u00f3n C\u00edvica Radical y dirigir\u00e1 el Comit\u00e9 Provincia.<\/p>\n\n\n\n<p><strong>Se impuso con el 50 por ciento de los votos ante la lista del profesor de historia, Bruno Gini que tuvo el 39 por ciento; y del ex diputado provincial Javier Mela que obtuvo 10 por ciento.<\/strong><\/p>\n\n\n\n<p>En una jornada electoral ordenada, igual que el resto de la campa\u00f1a, afiliados de la Uni\u00f3n C\u00edvica Radical eligieron Presidente al Comit\u00e9 provincia, mayores y de juventud, presidente al comit\u00e9 comunal de cada localidad de Misiones y convencionales nacionales.<\/p>\n\n\n\n<p>\u201c<strong>En mi recorrida por la provincia encontr\u00e9 en cada uno de los pueblos personas que nos permitir\u00e1 seguir con\u00a0 un radicalismo fuerte<\/strong>\u201d expres\u00f3 Pablo Arga\u00f1araz ante miles de afiliados que se concentraron en el comit\u00e9 de la capital provincial, despu\u00e9s de conocerse los resultados<\/p>\n\n\n\n<figure class=\"wp-block-image size-large\"><img loading=\"lazy\" decoding=\"async\" width=\"1024\" height=\"725\" src=\"https:\/\/actualizateiguazu.com\/v3\/wp-content\/uploads\/2022\/04\/WhatsApp-Image-2022-04-24-at-11.05.31-PM-1024x725.jpeg\" alt=\"\" class=\"wp-image-27089\" srcset=\"https:\/\/actualizateiguazu.com\/v3\/wp-content\/uploads\/2022\/04\/WhatsApp-Image-2022-04-24-at-11.05.31-PM-1024x725.jpeg 1024w, https:\/\/actualizateiguazu.com\/v3\/wp-content\/uploads\/2022\/04\/WhatsApp-Image-2022-04-24-at-11.05.31-PM-300x212.jpeg 300w, https:\/\/actualizateiguazu.com\/v3\/wp-content\/uploads\/2022\/04\/WhatsApp-Image-2022-04-24-at-11.05.31-PM-768x544.jpeg 768w, https:\/\/actualizateiguazu.com\/v3\/wp-content\/uploads\/2022\/04\/WhatsApp-Image-2022-04-24-at-11.05.31-PM.jpeg 1280w\" sizes=\"auto, (max-width: 1024px) 100vw, 1024px\" \/><\/figure>\n\n\n\n<p>Luego en medio de la emoci\u00f3n agradeci\u00f3 a los radicales con experiencia. \u201cgracias por la posibilidad de continuar y ahora seguir creciendo\u201d.<\/p>\n\n\n\n<p>Entre los que conformaron la lista \u201cUnidad\u201d est\u00e1 el diputado nacional Mart\u00edn Arjol, electo como delegado al Comit\u00e9 Nacional, que nuevamente cosecha otro triunfo electoral y fortalece su figura.<\/p>\n\n\n\n<p>\u201c<strong>Ganar nos da grandes responsabilidades y ser\u00e1 unir el radicalismo. El lunes vamos a salir a convocar a cada afiliado<\/strong>\u201d, manifest\u00f3 en la sala Ra\u00fal Jorge Solmoirago del Comit\u00e9. \u201cEs un d\u00eda de celebraci\u00f3n para la UCR y de nuevos esfuerzos para fortalecer el partido\u201d.<\/p>\n\n\n\n<p>Por su parte la Presidente electa del comit\u00e9 Posadas, Cintia Barraza elogi\u00f3 a cada afiliado \u201cgracias a los que asistieron a las urnas y a los que trabajaron este domingo. Entre todos logramos el triunfo\u00bb. Asimismo, invit\u00f3 a todos a trabajar \u201csean bienvenidos y convoco a cada radical para un mejor comit\u00e9 Posadas\u201d,&nbsp; finaliz\u00f3.<\/p>\n","protected":false},"excerpt":{"rendered":"<p>Obtuvo el 50% por ciento de los votos frente a un 39 por ciento de<\/p>\n","protected":false},"author":1,"featured_media":27090,"comment_status":"open","ping_status":"open","sticky":false,"template":"","format":"standard","meta":{"footnotes":""},"categories":[1,229],"tags":[],"class_list":["post-27088","post","type-post","status-publish","format-standard","has-post-thumbnail","hentry","category-actualidad","category-provinciales"],"_links":{"self":[{"href":"https:\/\/actualizateiguazu.com\/v3\/wp-json\/wp\/v2\/posts\/27088","targetHints":{"allow":["GET"]}}],"collection":[{"href":"https:\/\/actualizateiguazu.com\/v3\/wp-json\/wp\/v2\/posts"}],"about":[{"href":"https:\/\/actualizateiguazu.com\/v3\/wp-json\/wp\/v2\/types\/post"}],"author":[{"embeddable":true,"href":"https:\/\/actualizateiguazu.com\/v3\/wp-json\/wp\/v2\/users\/1"}],"replies":[{"embeddable":true,"href":"https:\/\/actualizateiguazu.com\/v3\/wp-json\/wp\/v2\/comments?post=27088"}],"version-history":[{"count":1,"href":"https:\/\/actualizateiguazu.com\/v3\/wp-json\/wp\/v2\/posts\/27088\/revisions"}],"predecessor-version":[{"id":27091,"href":"https:\/\/actualizateiguazu.com\/v3\/wp-json\/wp\/v2\/posts\/27088\/revisions\/27091"}],"wp:featuredmedia":[{"embeddable":true,"href":"https:\/\/actualizateiguazu.com\/v3\/wp-json\/wp\/v2\/media\/27090"}],"wp:attachment":[{"href":"https:\/\/actualizateiguazu.com\/v3\/wp-json\/wp\/v2\/media?parent=27088"}],"wp:term":[{"taxonomy":"category","embeddable":true,"href":"https:\/\/actualizateiguazu.com\/v3\/wp-json\/wp\/v2\/categories?post=27088"},{"taxonomy":"post_tag","embeddable":true,"href":"https:\/\/actualizateiguazu.com\/v3\/wp-json\/wp\/v2\/tags?post=27088"}],"curies":[{"name":"wp","href":"https:\/\/api.w.org\/{rel}","templated":true}]}}