{"id":27100,"date":"2022-04-25T18:28:21","date_gmt":"2022-04-25T18:28:21","guid":{"rendered":"http:\/\/actualizateiguazu.com\/v3\/?p=27100"},"modified":"2022-04-25T18:28:26","modified_gmt":"2022-04-25T18:28:26","slug":"llegan-a-la-provincia-competencias-de-jeep-y-gaiola-cross-en-san-pedro-y-rally-en-san-vicente","status":"publish","type":"post","link":"https:\/\/actualizateiguazu.com\/v3\/2022\/04\/25\/llegan-a-la-provincia-competencias-de-jeep-y-gaiola-cross-en-san-pedro-y-rally-en-san-vicente\/","title":{"rendered":"Llegan a la provincia competencias de Jeep y gaiola cross en San Pedro y rally en San Vicente"},"content":{"rendered":"\n<p>El Gobernador, junto funcionarios provinciales y representantes de las asociaciones deportivas, lanz\u00f3 el Campeonato de Rally que tendr\u00e1 su primera fecha en San Vicente el pr\u00f3ximo fin de semana y el Primer Suramericano Internacional de Jeep y Gaiola Cross en San Pedro los d\u00edas 7 y 8 de mayo. Herrera Ahuad celebr\u00f3 y destac\u00f3 el acompa\u00f1amiento provincial a las competencias de automovilismo y a las diversas disciplinas deportivas en tierra misionera<\/p>\n\n\n\n<p>A trav\u00e9s de una videoconferencia de prensa, el gobernador Oscar Herrera Ahuad acompa\u00f1\u00f3 esta ma\u00f1ana el lanzamiento de dos eventos deportivos en Misiones, el Primer Suramericano Internacional de Jeep y Gaiola Cross en San Pedro y el Campeonato de Rally que tendr\u00e1 su primera fecha en San Vicente. El funcionario se\u00f1al\u00f3 que estos eventos apuntan a aprovechar las actividades deportivas en todo el territorio misionero. Por eso remarc\u00f3 que despu\u00e9s de mucho tiempo se pueden conjugar las actividades deportivas de competencia, con las recreativas de la sociedad, las tur\u00edsticas y las econ\u00f3micas en general.<\/p>\n\n\n\n<p>Bajo una visi\u00f3n integral de la sociedad, afirm\u00f3 que \u201cel Gobierno provincial acompa\u00f1a las iniciativas sociales.\u00a0 y destac\u00f3 el regreso del Rally a San Vicente despu\u00e9s de 17 a\u00f1os, un hecho de importancia porque \u201cgenera un polo de atracci\u00f3n y de actividades en toda la regi\u00f3n noreste de la provincia\u201d. Al mismo tiempo, celebr\u00f3 la convergencia y el entendimiento entre los municipios para la organizaci\u00f3n de sus iniciativas, como tambi\u00e9n que la atracci\u00f3n deportiva, tur\u00edstica, social, familiar y econ\u00f3mica se vuelquen a San Pedro y San Vicente con alternancia en sus respectivos calendarios.<\/p>\n\n\n\n<figure class=\"wp-block-image size-large\"><img loading=\"lazy\" decoding=\"async\" width=\"1024\" height=\"684\" src=\"https:\/\/actualizateiguazu.com\/v3\/wp-content\/uploads\/2022\/04\/Copia-de-2022-04-25-Posadas-Presentacion-Rally-y-Jeepeada-32-1-1024x684.jpg\" alt=\"\" class=\"wp-image-27103\" srcset=\"https:\/\/actualizateiguazu.com\/v3\/wp-content\/uploads\/2022\/04\/Copia-de-2022-04-25-Posadas-Presentacion-Rally-y-Jeepeada-32-1-1024x684.jpg 1024w, https:\/\/actualizateiguazu.com\/v3\/wp-content\/uploads\/2022\/04\/Copia-de-2022-04-25-Posadas-Presentacion-Rally-y-Jeepeada-32-1-300x200.jpg 300w, https:\/\/actualizateiguazu.com\/v3\/wp-content\/uploads\/2022\/04\/Copia-de-2022-04-25-Posadas-Presentacion-Rally-y-Jeepeada-32-1-768x513.jpg 768w, https:\/\/actualizateiguazu.com\/v3\/wp-content\/uploads\/2022\/04\/Copia-de-2022-04-25-Posadas-Presentacion-Rally-y-Jeepeada-32-1-1536x1025.jpg 1536w, https:\/\/actualizateiguazu.com\/v3\/wp-content\/uploads\/2022\/04\/Copia-de-2022-04-25-Posadas-Presentacion-Rally-y-Jeepeada-32-1-2048x1367.jpg 2048w\" sizes=\"auto, (max-width: 1024px) 100vw, 1024px\" \/><\/figure>\n\n\n\n<p>\u201cEstoy convencido que ser\u00e1 un \u00e9xito\u201d, augur\u00f3 el Gobernador enfatizando que aumentan las posibilidades de trabajo y generaci\u00f3n de recursos para los sectores relacionados con los eventos, como talleres y chapistas. Aclar\u00f3 que la realizaci\u00f3n de este tipo de acontecimientos \u201crequiere de un Estado presente, que acompa\u00f1e y que est\u00e9 al lado de cada uno de ustedes -los organizadores y municipios. Ustedes toman la iniciativa, nosotros ayudamos y acompa\u00f1amos\u201d. Agreg\u00f3 que este es el camino correcto, \u201cno tengo dudas que durante dos fines de semana va a ser un polo de atracci\u00f3n tur\u00edstica y deportiva, algo que hace much\u00edsimo tiempo no se ve\u00eda\u201d.<\/p>\n\n\n\n<p>M\u00e1s tarde, en el intercambio con los periodistas, destac\u00f3 la participaci\u00f3n de deportistas brasile\u00f1os en las competencias, ya que habla \u201cde la confianza en la experiencia de las ediciones anteriores en la provincia\u201d.&nbsp; Al mismo tiempo, gracias al desarrollo, la organizaci\u00f3n y la tecnolog\u00eda \u201cse muestra la din\u00e1mica que tiene una provincia que busca en todos los niveles llegar a cada rinc\u00f3n y a cada pueblo y a cada colonia\u201d.<\/p>\n\n\n\n<p>En su intervenci\u00f3n, Herrera Ahuad coment\u00f3 y resumi\u00f3 las fuertes acciones del Gobierno provincial con el objetivo de promover el desarrollo de variadas disciplinas, mejoramiento de estructuras deportivas, el desempe\u00f1o de deportistas y la realizaci\u00f3n de competencias tanto a nivel provincial como nacional. Finalmente puntualiz\u00f3 que \u201cvamos a seguir acompa\u00f1ando en todos los niveles el desarrollo de las diferentes disciplinas deportivas, ya que hay que estar siempre atentos a lo que se necesite\u201d.\u00a0 Por \u00faltimo, asegur\u00f3 que, \u201csi ofrecemos buenos espect\u00e1culos a las familias, las familias van a asistir, van a estar y van a acompa\u00f1ar\u201d.\u00a0<\/p>\n\n\n\n<figure class=\"wp-block-image size-large\"><img loading=\"lazy\" decoding=\"async\" width=\"1024\" height=\"684\" src=\"https:\/\/actualizateiguazu.com\/v3\/wp-content\/uploads\/2022\/04\/Copia-de-2022-04-25-Posadas-Presentacion-Rally-y-Jeepeada-22-1024x684.jpg\" alt=\"\" class=\"wp-image-27102\" srcset=\"https:\/\/actualizateiguazu.com\/v3\/wp-content\/uploads\/2022\/04\/Copia-de-2022-04-25-Posadas-Presentacion-Rally-y-Jeepeada-22-1024x684.jpg 1024w, https:\/\/actualizateiguazu.com\/v3\/wp-content\/uploads\/2022\/04\/Copia-de-2022-04-25-Posadas-Presentacion-Rally-y-Jeepeada-22-300x200.jpg 300w, https:\/\/actualizateiguazu.com\/v3\/wp-content\/uploads\/2022\/04\/Copia-de-2022-04-25-Posadas-Presentacion-Rally-y-Jeepeada-22-768x513.jpg 768w, https:\/\/actualizateiguazu.com\/v3\/wp-content\/uploads\/2022\/04\/Copia-de-2022-04-25-Posadas-Presentacion-Rally-y-Jeepeada-22-1536x1025.jpg 1536w, https:\/\/actualizateiguazu.com\/v3\/wp-content\/uploads\/2022\/04\/Copia-de-2022-04-25-Posadas-Presentacion-Rally-y-Jeepeada-22-2048x1367.jpg 2048w\" sizes=\"auto, (max-width: 1024px) 100vw, 1024px\" \/><\/figure>\n\n\n\n<p>Entre las otras autoridades presentes en el doble lanzamiento, estuvieron el ministro Coordinador de Gabinete, Ricardo Wellbach; la ministra de Agricultura Familiar, Marta Ferreira; el ministro de Turismo, Jos\u00e9 Mar\u00eda Arrua; el intendente de San Vicente, Fabi\u00e1n Rodr\u00edguez; el representante de Brasil, Osvaldo Toledo; el presidente de la Federaci\u00f3n Misionera de Automovilismo Deportivo (FeMAD), Oscar Mieres; el presidente de la AMPyNaR, Carlos M\u00e1ximo Brunne y la reina de San Pedro, Milagros Raineck.<\/p>\n\n\n\n<p>El automovilismo en auge en Misiones<\/p>\n\n\n\n<p>En la conferencia tomo la palabra, el ministro de Deportes, H\u00e9ctor Corti, quien hizo referencia al trabajo de su cartera y de los distintos ministerios de Misiones para acompa\u00f1ar la realizaci\u00f3n de ambas competencias, algo que \u201cdemuestra el compromiso que tiene el Gobierno de la provincia con el deporte\u201d, con actividades que atraen al turismo y significan oportunidades de crecimiento para los pueblos.<\/p>\n\n\n\n<p>A su turno, el representante de AutoMotoKar, Ernesto Muchewicz, ofreci\u00f3 los detalles de la primera fecha del Campeonato Misionero de Rally que se correr\u00e1 en San Vicente. Agradeci\u00f3 el acompa\u00f1amiento del municipio y del Gobierno provincial, y destac\u00f3 que es la primera vez que todas las actividades de la competencia se realizar\u00e1n en un solo predio. Mientras, el organizador del Primer Suramericano Internacional de Jeep y Gaiola Cross en San Pedro, Cesar Camargo, agradeci\u00f3 el apoyo del Gobernador \u201cpara llevar adelante estos grandes eventos donde podemos lograr reforzar el desarrollo econ\u00f3mico de nuestra regi\u00f3n\u201d.<\/p>\n\n\n\n<p>A todo motor en la Capital de la Madera<\/p>\n\n\n\n<p>En San Vicente se disputar\u00e1 la primera fecha del Campeonato Misionero de Rally, que despu\u00e9s de 17 a\u00f1os vuelve a correrse en la localidad. Con la organizaci\u00f3n de AutoMotoKart San Vicente, se desarrollar\u00e1 durante el fin de semana desde el viernes 29 de abril hasta el domingo 1 de mayo. Se correr\u00e1 en el predio del AutoMotoKart y, como atractivo, el viernes, adem\u00e1s se disputar\u00e1 un Prime de Rally en un circuito urbano. Las inscripciones contin\u00faan abiertas, y se registr\u00f3 hasta el momento una participaci\u00f3n total de 50 autos, 30 motos y 20 cuatriciclos.<\/p>\n\n\n\n<p>Jeep y Gaiola Cross<\/p>\n\n\n\n<p>Por otro lado, en San Pedro, tendr\u00e1 lugar el Primer Suramericano Internacional de Jeep y Gaiola Cross los d\u00edas s\u00e1bado 7 y domingo 8 de mayo. Ambas competencias en simultaneo dentro de un mismo circuito que ofrecer\u00e1 la posibilidad para pilotos misioneros y brasile\u00f1os en las dos pistas. Con la presencia del reconocido piloto argentino C\u00e9sar Camargo Sozio, actual participante del Campeonato Brasilero de Jeep, los pilotos correr\u00e1n en las categor\u00edas Aspirados y Turbos.<\/p>\n\n\n\n<p>El circuito de San Pedro contar\u00e1 con un nuevo dibujo de pista con carriles paralelos y un circuito terrado adaptado de unos 600 metros aproximadamente, que sumar\u00e1 calidad al espect\u00e1culo durante el que se espera superar las expectativas en cuanto a corredores inscriptos y concurrencia. Durante el evento se dispondr\u00e1 de toda la estructura del campeonato brasilero de cronometraje y locuci\u00f3n; donde se une tambi\u00e9n el campeonato Misionero de Jeep en su segunda fecha oficial.<\/p>\n\n\n\n<p>El evento es una oportunidad para impulsar el Club Social y Deportivo Defensores de San Pedro, creado recientemente y dando sus primeros pasos. Los bomberos voluntarios recibir\u00e1n un porcentaje de cada entrada vendida, adem\u00e1s, los jugadores del club que integran otras disciplinas deportivas dispondr\u00e1n de sectores de ventas para juntar fondos dentro del evento. Conjuntamente, se instalar\u00e1 un sector gastron\u00f3mico y una Expo Industria y de Comercio, ofreciendo variedad de productos locales, tambi\u00e9n contar\u00e1 con presentaciones musicales, entre ellos el Rangel Marques &amp; Rafael, el popular d\u00fao brasilero que har\u00e1 su show junto a Maxi La Escala y otros artistas locales.<\/p>\n","protected":false},"excerpt":{"rendered":"<p>El Gobernador, junto funcionarios provinciales y representantes de las asociaciones deportivas, lanz\u00f3 el Campeonato de<\/p>\n","protected":false},"author":1,"featured_media":27101,"comment_status":"open","ping_status":"open","sticky":false,"template":"","format":"standard","meta":{"footnotes":""},"categories":[223],"tags":[],"class_list":["post-27100","post","type-post","status-publish","format-standard","has-post-thumbnail","hentry","category-deportes"],"_links":{"self":[{"href":"https:\/\/actualizateiguazu.com\/v3\/wp-json\/wp\/v2\/posts\/27100","targetHints":{"allow":["GET"]}}],"collection":[{"href":"https:\/\/actualizateiguazu.com\/v3\/wp-json\/wp\/v2\/posts"}],"about":[{"href":"https:\/\/actualizateiguazu.com\/v3\/wp-json\/wp\/v2\/types\/post"}],"author":[{"embeddable":true,"href":"https:\/\/actualizateiguazu.com\/v3\/wp-json\/wp\/v2\/users\/1"}],"replies":[{"embeddable":true,"href":"https:\/\/actualizateiguazu.com\/v3\/wp-json\/wp\/v2\/comments?post=27100"}],"version-history":[{"count":1,"href":"https:\/\/actualizateiguazu.com\/v3\/wp-json\/wp\/v2\/posts\/27100\/revisions"}],"predecessor-version":[{"id":27106,"href":"https:\/\/actualizateiguazu.com\/v3\/wp-json\/wp\/v2\/posts\/27100\/revisions\/27106"}],"wp:featuredmedia":[{"embeddable":true,"href":"https:\/\/actualizateiguazu.com\/v3\/wp-json\/wp\/v2\/media\/27101"}],"wp:attachment":[{"href":"https:\/\/actualizateiguazu.com\/v3\/wp-json\/wp\/v2\/media?parent=27100"}],"wp:term":[{"taxonomy":"category","embeddable":true,"href":"https:\/\/actualizateiguazu.com\/v3\/wp-json\/wp\/v2\/categories?post=27100"},{"taxonomy":"post_tag","embeddable":true,"href":"https:\/\/actualizateiguazu.com\/v3\/wp-json\/wp\/v2\/tags?post=27100"}],"curies":[{"name":"wp","href":"https:\/\/api.w.org\/{rel}","templated":true}]}}