{"id":27111,"date":"2022-04-26T09:59:54","date_gmt":"2022-04-26T09:59:54","guid":{"rendered":"http:\/\/actualizateiguazu.com\/v3\/?p=27111"},"modified":"2022-04-26T09:59:58","modified_gmt":"2022-04-26T09:59:58","slug":"preso-por-homicidio-se-escapo-en-iguazu-pero-fue-recapturado","status":"publish","type":"post","link":"https:\/\/actualizateiguazu.com\/v3\/2022\/04\/26\/preso-por-homicidio-se-escapo-en-iguazu-pero-fue-recapturado\/","title":{"rendered":"Preso por homicidio se escap\u00f3 en Iguaz\u00fa pero fue recapturado"},"content":{"rendered":"\n<p>El principal acusado de asesinar a Catriel Urizar (30), quien falleci\u00f3 de un disparo cuando iba a entregar un pedido de comida en Puerto Iguaz\u00fa, <strong>se escap\u00f3 ayer de la comisar\u00eda, pero al cierre de esta edici\u00f3n hab\u00eda sido capturado por la Polic\u00eda de Misiones<\/strong>.<\/p>\n\n\n\n<p>Se trata de Catalino Paniagua (18), <strong>quien estaba detenido en el sector de celdas del edificio de la Unidad Regional V ubicado frente a la plaza San Mart\u00edn, sobre la avenida Victoria Aguirre, en el centro de la ciudad. El joven estaba alojado all\u00ed desde el 29 de marzo, pocas horas despu\u00e9s del descubrimiento del crimen de Urizar.<\/strong><\/p>\n\n\n\n<p><strong>\u201cFue un descuido de la secci\u00f3n celdas\u201d<\/strong>, expresaron ayer fuentes ligadas al caso. El hecho ocurri\u00f3 cerca de las 19.30, cuando se hac\u00eda el encerramiento de los pabellones.\u00a0 <strong>El joven habr\u00eda atravesado todo un patio interno hasta ganar la calle y desaparecer. Desde la fuerza provincial, adem\u00e1s de destinar todos los medios posibles a la b\u00fasqueda, iniciaron un sumario interno para recapturarlo<\/strong>.<\/p>\n\n\n\n<p>De todas formas, <strong>poco antes de las 22.30 volvi\u00f3 a ser atrapado y puesto nuevamente a disposici\u00f3n de la Justicia.<\/strong><\/p>\n\n\n\n<p>Seg\u00fan pudo saber El Territorio, en la jornada de ayer las autoridades del Juzgado de Instrucci\u00f3n Tres, a cargo del juez Mart\u00edn Brites, <strong>le notificaron la prisi\u00f3n preventiva por homicidio en ocasi\u00f3n de robo, algo que -se cree- tuvo peso en la decisi\u00f3n del implicado.<\/strong><\/p>\n\n\n\n<p>Es que con la definici\u00f3n de su situaci\u00f3n procesal, el imputado iba a pasar a la \u00f3rbita del Servicio Penitenciario Provincial (SPP), lo que implica su traslado a una c\u00e1rcel. Al respecto, la Unidad Penal III de Eldorado, por cercan\u00eda, posiblemente ser\u00eda su destino.<\/p>\n\n\n\n<p>El otro detenido por el caso, ahora tambi\u00e9n con prisi\u00f3n preventiva, es Anderson Alfredo A.&nbsp; (19).<\/p>\n\n\n\n<p>Como inform\u00f3 este medio oportunamente, el hecho ocurri\u00f3 el 28 de marzo en el barrio Cataratas. Seg\u00fan detallaron fuentes intervinientes en el caso, cerca de las 23.30 del lunes, efectivos de la Comisar\u00eda Cuarta local recibieron un llamado de alerta por lo que hasta ese momento era un robo.<\/p>\n\n\n\n<p>La comisi\u00f3n lleg\u00f3 al lugar, en una calle sin nombre ni numeraci\u00f3n, y se top\u00f3 con el cad\u00e1ver dentro de la camioneta. El emprendedor gastron\u00f3mico yac\u00eda muerto en el asiento del conductor con un disparo en el pecho.<\/p>\n\n\n\n<p>Se pidieron refuerzos y en el lugar tambi\u00e9n se hicieron presentes las autoridades judiciales. El magistrado sigui\u00f3 de cerca las labores de la Divisi\u00f3n de Criminal\u00edstica y Polic\u00eda Cient\u00edfica.<\/p>\n\n\n\n<p>Del veh\u00edculo incautaron el arma de pl\u00e1stico, documentos, dos celulares , poco m\u00e1s de 3.000 pesos y una caja con \u201chamburpizzas\u201d, adem\u00e1s de una nota con el nombre y la direcci\u00f3n de un cliente a quien le iba a llevar la comida.<\/p>\n\n\n\n<p>El m\u00e9dico policial determin\u00f3 que Urizar ten\u00eda \u201cun orificio de entrada de proyectil en la cara lateral derecha del t\u00f3rax\u201d. El cuerpo fue trasladado a autopsia, que se realiz\u00f3 en horas de la tarde de ayer.<\/p>\n\n\n\n<p>Los resultados preliminares&nbsp; del Cuerpo M\u00e9dico Forense indican que el proyectil atraves\u00f3 un pulm\u00f3n y el bazo, por lo que muri\u00f3 desangrado.<\/p>\n\n\n\n<p><strong>Inexperiencia<\/strong><\/p>\n\n\n\n<p>La hip\u00f3tesis del caso es que los delincuentes intentaron robar a la v\u00edctima, pero cuando estuvieron dentro del auto y vieron que Urizar sac\u00f3 la r\u00e9plica de arma todo se sali\u00f3 de control.<\/p>\n\n\n\n<p>Creen que la \u201cinexperiencia\u201d de los j\u00f3venes delincuentes les jug\u00f3 una mala pasada y termin\u00f3 con el lamentable saldo de una persona asesinada.<\/p>\n\n\n\n<p>Fue el primero en ser se\u00f1alado por distintas voces y sobre \u00e9l recaen las sospechas de ser quien dispar\u00f3 el arma. En su casa hallados elementos de mucho peso en su contra, como un rev\u00f3lver calibre 38, que podr\u00eda ser el arma homicida, una vaina servida y un cartucho.<\/p>\n\n\n\n<p>El joven viv\u00eda cerca de donde ocurri\u00f3 el hecho y ten\u00eda un pedido de detenci\u00f3n por amenazas calificadas. Los testimonios revelaron antecedentes por robo en Brasil y se lo relaciona a un asalto a un taxista d\u00edas anteriores al crimen, adem\u00e1s de estar involucrado en la venta de armas.<\/p>\n\n\n\n<p>Fuente: El Territorio<\/p>\n","protected":false},"excerpt":{"rendered":"<p>El principal acusado de asesinar a Catriel Urizar (30), quien falleci\u00f3 de un disparo cuando<\/p>\n","protected":false},"author":1,"featured_media":27112,"comment_status":"open","ping_status":"open","sticky":false,"template":"","format":"standard","meta":{"footnotes":""},"categories":[1,226,228],"tags":[],"class_list":["post-27111","post","type-post","status-publish","format-standard","has-post-thumbnail","hentry","category-actualidad","category-locales","category-policiales"],"_links":{"self":[{"href":"https:\/\/actualizateiguazu.com\/v3\/wp-json\/wp\/v2\/posts\/27111","targetHints":{"allow":["GET"]}}],"collection":[{"href":"https:\/\/actualizateiguazu.com\/v3\/wp-json\/wp\/v2\/posts"}],"about":[{"href":"https:\/\/actualizateiguazu.com\/v3\/wp-json\/wp\/v2\/types\/post"}],"author":[{"embeddable":true,"href":"https:\/\/actualizateiguazu.com\/v3\/wp-json\/wp\/v2\/users\/1"}],"replies":[{"embeddable":true,"href":"https:\/\/actualizateiguazu.com\/v3\/wp-json\/wp\/v2\/comments?post=27111"}],"version-history":[{"count":1,"href":"https:\/\/actualizateiguazu.com\/v3\/wp-json\/wp\/v2\/posts\/27111\/revisions"}],"predecessor-version":[{"id":27113,"href":"https:\/\/actualizateiguazu.com\/v3\/wp-json\/wp\/v2\/posts\/27111\/revisions\/27113"}],"wp:featuredmedia":[{"embeddable":true,"href":"https:\/\/actualizateiguazu.com\/v3\/wp-json\/wp\/v2\/media\/27112"}],"wp:attachment":[{"href":"https:\/\/actualizateiguazu.com\/v3\/wp-json\/wp\/v2\/media?parent=27111"}],"wp:term":[{"taxonomy":"category","embeddable":true,"href":"https:\/\/actualizateiguazu.com\/v3\/wp-json\/wp\/v2\/categories?post=27111"},{"taxonomy":"post_tag","embeddable":true,"href":"https:\/\/actualizateiguazu.com\/v3\/wp-json\/wp\/v2\/tags?post=27111"}],"curies":[{"name":"wp","href":"https:\/\/api.w.org\/{rel}","templated":true}]}}