{"id":27114,"date":"2022-04-26T10:48:22","date_gmt":"2022-04-26T10:48:22","guid":{"rendered":"http:\/\/actualizateiguazu.com\/v3\/?p=27114"},"modified":"2022-04-26T10:49:05","modified_gmt":"2022-04-26T10:49:05","slug":"tanguedia-el-perfecto-ensamble-del-tango-la-comedia-y-la-tragedia","status":"publish","type":"post","link":"https:\/\/actualizateiguazu.com\/v3\/2022\/04\/26\/tanguedia-el-perfecto-ensamble-del-tango-la-comedia-y-la-tragedia\/","title":{"rendered":"Tanguedia, el perfecto ensamble del tango, la comedia y la tragedia"},"content":{"rendered":"\n<p>La Caba\u00f1a de los Mu\u00f1ecos, poco a poco, logran el objetivo de ser una usina de proyectos culturales, ofreciendo al p\u00fablico propuestas nuevas y creadas desde cero para sorprender y maravillar a la comunidad con la puesta en escena el talento local. Una de las propuestas m\u00e1s recientes, fue gestada en esta usina y se denomina Tangedia una perfecta conjunci\u00f3n entre el tango, la comedia y la tragedia, esta obra se titula \u201cMe han robado el coraz\u00f3n\u201d<\/p>\n\n\n\n<p>La comedia musical, fue creada a partir de una obra escrita por <strong>Pablo Cieslik <\/strong>productor y bailar\u00edn de tango de la ciudad de las cataratas, <strong>que tuvo una loca idea tras estar \u201caburrido\u201d de solamente bailar tango con su grupo de bailarines, fue as\u00ed que propuso poner en pr\u00e1ctica un proyecto escrito por \u00e9l hace varios a\u00f1os<\/strong> atr\u00e1s convocando a actores, int\u00e9rpretes y bailarines que residen en Iguaz\u00fa para dar forma a la obra, que en su estreno (a sala llena) deslumbro a los presentes, no solamente con risas sino con el nivel art\u00edstico y la pasi\u00f3n puesto en el escenario.<\/p>\n\n\n\n<figure class=\"wp-block-image size-large\"><img loading=\"lazy\" decoding=\"async\" width=\"1024\" height=\"683\" src=\"https:\/\/actualizateiguazu.com\/v3\/wp-content\/uploads\/2022\/04\/demian362-1024x683.jpg\" alt=\"\" class=\"wp-image-27117\" srcset=\"https:\/\/actualizateiguazu.com\/v3\/wp-content\/uploads\/2022\/04\/demian362-1024x683.jpg 1024w, https:\/\/actualizateiguazu.com\/v3\/wp-content\/uploads\/2022\/04\/demian362-300x200.jpg 300w, https:\/\/actualizateiguazu.com\/v3\/wp-content\/uploads\/2022\/04\/demian362-768x512.jpg 768w, https:\/\/actualizateiguazu.com\/v3\/wp-content\/uploads\/2022\/04\/demian362-1536x1024.jpg 1536w, https:\/\/actualizateiguazu.com\/v3\/wp-content\/uploads\/2022\/04\/demian362-2048x1365.jpg 2048w\" sizes=\"auto, (max-width: 1024px) 100vw, 1024px\" \/><\/figure>\n\n\n\n<p><\/p>\n\n\n\n<p>\u201cLa idea original la tuvo Pablo que escribi\u00f3 el guion de una obra hace mucho tiempo, que nos fue comentando la obra, despu\u00e9s se fue modificando en el proceso. La obra original es del Pablo que despu\u00e9s le fuimos poniendo el cuerpo, la voz y despu\u00e9s el teatro. Lo interesante es como la obra fue cambiando, como todo proceso creativo con el ensamble, yo la primera vez que la le\u00ed jam\u00e1s pens\u00e9 que se podr\u00eda transformar en una comedia musical, pero despu\u00e9s del proceso con la uni\u00f3n de las voces y el baile le sorprendi\u00f3 el producto final que brindamos al p\u00fablico\u201d resalt\u00f3 Daiana Berlusconi bailarina y actriz que representa a la muerte<\/p>\n\n\n\n<p>La comedia musical \u201cMe han robado el coraz\u00f3n\u201d tiene la particularidad de que tanto el guion como las canciones fueron compuestas por Pablo Cieslik \u201c<strong>es importante resaltar que se trata de una obra original, compuesta por un autor de Iguaz\u00fa, aca no se interpretan canciones de otros autores. Las m\u00fasicas que est\u00e1n fueron compuestas para la obra, por lo general se hacen otra cosas, pero presentar producto netamente original es muy dif\u00edcil. El hecho de que fue gestado por artistas Misioneros es muy importante<\/strong>\u201d recalco Gladys Fattore cantante que interpreta la voz de Prudencia y de La muerte<\/p>\n\n\n\n<figure class=\"wp-block-image size-large\"><img loading=\"lazy\" decoding=\"async\" width=\"1024\" height=\"683\" src=\"https:\/\/actualizateiguazu.com\/v3\/wp-content\/uploads\/2022\/04\/demian357-1024x683.jpg\" alt=\"\" class=\"wp-image-27115\" srcset=\"https:\/\/actualizateiguazu.com\/v3\/wp-content\/uploads\/2022\/04\/demian357-1024x683.jpg 1024w, https:\/\/actualizateiguazu.com\/v3\/wp-content\/uploads\/2022\/04\/demian357-300x200.jpg 300w, https:\/\/actualizateiguazu.com\/v3\/wp-content\/uploads\/2022\/04\/demian357-768x512.jpg 768w, https:\/\/actualizateiguazu.com\/v3\/wp-content\/uploads\/2022\/04\/demian357-1536x1024.jpg 1536w, https:\/\/actualizateiguazu.com\/v3\/wp-content\/uploads\/2022\/04\/demian357-2048x1365.jpg 2048w\" sizes=\"auto, (max-width: 1024px) 100vw, 1024px\" \/><\/figure>\n\n\n\n<p>Por su parte V\u00edctor Stieban cantante que interpreta la voz del Tiempo resalt\u00f3 la importancia del proyecto y de ofrecer nuevas producciones culturales en base al talento local \u201c<strong>esto de incursionar con rubro nuevo, en un contexto donde generalmente no hay o no hubo, es presentarle un nuevo elemento art\u00edstico para que conozca gente que quiz\u00e1s no tuvo la posibilidad de ver. Mucha gente aqu\u00ed no tuvo la posibilidad de ver comedia musical, entonces es algo novedoso<\/strong>\u201d<\/p>\n\n\n\n<p>La pasi\u00f3n que transmite todo el elenco no solamente se ve en el escenario sino en cada ensayo y en todos los aspectos de la misma. Todo est\u00e1 hecho a pulm\u00f3n e incluso el vestuario fue ideado y aportado con lo que hab\u00eda en cada placar de los actores con la colaboraci\u00f3n de la cooperativa en lo que pod\u00edan. Si bien ya estrenaron \u201cMe han robado el coraz\u00f3n\u201d a sala llena el pasado 15 de abril, e<strong>st\u00e1 previsto un relanzamiento el pr\u00f3ximo 21 de mayo en la Caba\u00f1a de los Mu\u00f1ecos, luego el 28 de mayo est\u00e1 prevista una funci\u00f3n Foz do Iguaz\u00fa. Planean visitar Posadas y porque no hacer un recorrido por la provincia con la obra.<\/strong><\/p>\n\n\n\n<figure class=\"wp-block-image size-large\"><img loading=\"lazy\" decoding=\"async\" width=\"1024\" height=\"683\" src=\"https:\/\/actualizateiguazu.com\/v3\/wp-content\/uploads\/2022\/04\/demian375-1024x683.jpg\" alt=\"\" class=\"wp-image-27116\" srcset=\"https:\/\/actualizateiguazu.com\/v3\/wp-content\/uploads\/2022\/04\/demian375-1024x683.jpg 1024w, https:\/\/actualizateiguazu.com\/v3\/wp-content\/uploads\/2022\/04\/demian375-300x200.jpg 300w, https:\/\/actualizateiguazu.com\/v3\/wp-content\/uploads\/2022\/04\/demian375-768x512.jpg 768w, https:\/\/actualizateiguazu.com\/v3\/wp-content\/uploads\/2022\/04\/demian375-1536x1024.jpg 1536w, https:\/\/actualizateiguazu.com\/v3\/wp-content\/uploads\/2022\/04\/demian375-2048x1365.jpg 2048w\" sizes=\"auto, (max-width: 1024px) 100vw, 1024px\" \/><\/figure>\n\n\n\n<p><strong>Acerca de la obra<\/strong><\/p>\n\n\n\n<p>La Tanguedia \u00abMe han robado el Coraz\u00f3n\u00bb es la primera comedia-tango-tragedia concebida y creada en la Caba\u00f1a de los Mu\u00f1ecos de Puerto Iguaz\u00fa. Hecha con los mejores condimentos, danza, m\u00fasica, teatro y humor, vino para conquistar el coraz\u00f3n de la comunidad Iguazuense y los miles de turistas que la visitan. \u201c<strong>La obra relaciona temas como la vida, la muerte, el amor con una pizca de comedia que puede ser interpretada de una forma diferente por cada uno de las personas presentes en el p\u00fablico<\/strong>\u201d recalco Dante Reynoso Bailarin y actor que interpreta al vendedor de Corazones<\/p>\n\n\n\n<figure class=\"wp-block-image size-large\"><img loading=\"lazy\" decoding=\"async\" width=\"1024\" height=\"683\" src=\"https:\/\/actualizateiguazu.com\/v3\/wp-content\/uploads\/2022\/04\/demian346-1024x683.jpg\" alt=\"\" class=\"wp-image-27118\" srcset=\"https:\/\/actualizateiguazu.com\/v3\/wp-content\/uploads\/2022\/04\/demian346-1024x683.jpg 1024w, https:\/\/actualizateiguazu.com\/v3\/wp-content\/uploads\/2022\/04\/demian346-300x200.jpg 300w, https:\/\/actualizateiguazu.com\/v3\/wp-content\/uploads\/2022\/04\/demian346-768x512.jpg 768w, https:\/\/actualizateiguazu.com\/v3\/wp-content\/uploads\/2022\/04\/demian346-1536x1024.jpg 1536w, https:\/\/actualizateiguazu.com\/v3\/wp-content\/uploads\/2022\/04\/demian346-2048x1365.jpg 2048w\" sizes=\"auto, (max-width: 1024px) 100vw, 1024px\" \/><\/figure>\n\n\n\n<p>Elenco:<\/p>\n\n\n\n<p>Bailarines-Actores:<\/p>\n\n\n\n<p>Bianca Wagner: Actriz-Bailarina (Morgana)<\/p>\n\n\n\n<p>Dante Reynoso: Actor-Bailar\u00edn (El vendedor de corazones)<\/p>\n\n\n\n<p>Micaela Andrada: Actriz-Bailarina (Prudencia)<\/p>\n\n\n\n<p>Lucas Prado: Actor-Bailar\u00edn (el Tiempo)<\/p>\n\n\n\n<p>Daiana Berlusconi: Asistente de direcci\u00f3n \/ Actriz-Bailarina (La muerte)<\/p>\n\n\n\n<p>Pablo Cieslik: Director General \/ Actor-Bailar\u00edn (Juan)<\/p>\n\n\n\n<p>Cantantes<\/p>\n\n\n\n<p>La voz de Morgana: Sof\u00eda Abreg\u00fa<\/p>\n\n\n\n<p>La voz de Juan: Artur G\u00e9rez<\/p>\n\n\n\n<p>La voz del Vendedor de corazones: Martino Esteche<\/p>\n\n\n\n<p>La voz del Tiempo: Victor Stieban<\/p>\n\n\n\n<p>La voz de Prudencia y de La muerte: Gladys Fattore<\/p>\n\n\n\n<p>La productora Undertango, realiza shows art\u00edsticos,<\/p>\n\n\n\n<p>pr\u00e1ctica y docencia de est\u00e9tica exclusivamente tanguera. Su principal campo de acci\u00f3n es la triple frontera (Puerto Iguaz\u00fa, Foz do Igua\u00e7\u00fa y Ciudad del Este) desde hace m\u00e1s una d\u00e9cada y la Cooperativa Kossa Nostra, es productora de bienes y servicios art\u00edsticos y culturales; y desarrolla una actividad ininterrumpida desde 1995 en la Provincia de Misiones y la Regi\u00f3n. Con extensi\u00f3n de su actividad a otros pa\u00edses de Latinoam\u00e9rica como Ecuador, M\u00e9xico, Venezuela, Brasil, Chile, Uruguay, Paraguay, Guatemala y Colombia. Desde 2015 crea y coordina el espacio cultural La Caba\u00f1a de los Mu\u00f1ecos. Lugar abierto a la comunidad de Iguaz\u00fa y sus visitantes. Concebida como una usina de arte y cultura de y para su regi\u00f3n, produce eventos, capacitaciones y espect\u00e1culos populares que abarcan e integran diversas disciplinas art\u00edsticas y t\u00e9cnicas<\/p>\n\n\n\n<p>Organizado desde 2014 como Cooperativa de Trabajo, entiende la tarea cultural con un criterio colectivo y solidario de producci\u00f3n. Consideramos que todos podemos ser capaces de crear al menos un m\u00ednimo de lo que consumimos en materia de bienes y servicios culturales, y a eso estamos enfocados<\/p>\n\n\n\n<p>Fotos Gentileza Malena Reynoso<\/p>\n","protected":false},"excerpt":{"rendered":"<p>La Caba\u00f1a de los Mu\u00f1ecos, poco a poco, logran el objetivo de ser una usina<\/p>\n","protected":false},"author":1,"featured_media":27119,"comment_status":"open","ping_status":"open","sticky":false,"template":"","format":"standard","meta":{"footnotes":""},"categories":[1,222,226],"tags":[],"class_list":["post-27114","post","type-post","status-publish","format-standard","has-post-thumbnail","hentry","category-actualidad","category-cultura","category-locales"],"_links":{"self":[{"href":"https:\/\/actualizateiguazu.com\/v3\/wp-json\/wp\/v2\/posts\/27114","targetHints":{"allow":["GET"]}}],"collection":[{"href":"https:\/\/actualizateiguazu.com\/v3\/wp-json\/wp\/v2\/posts"}],"about":[{"href":"https:\/\/actualizateiguazu.com\/v3\/wp-json\/wp\/v2\/types\/post"}],"author":[{"embeddable":true,"href":"https:\/\/actualizateiguazu.com\/v3\/wp-json\/wp\/v2\/users\/1"}],"replies":[{"embeddable":true,"href":"https:\/\/actualizateiguazu.com\/v3\/wp-json\/wp\/v2\/comments?post=27114"}],"version-history":[{"count":1,"href":"https:\/\/actualizateiguazu.com\/v3\/wp-json\/wp\/v2\/posts\/27114\/revisions"}],"predecessor-version":[{"id":27120,"href":"https:\/\/actualizateiguazu.com\/v3\/wp-json\/wp\/v2\/posts\/27114\/revisions\/27120"}],"wp:featuredmedia":[{"embeddable":true,"href":"https:\/\/actualizateiguazu.com\/v3\/wp-json\/wp\/v2\/media\/27119"}],"wp:attachment":[{"href":"https:\/\/actualizateiguazu.com\/v3\/wp-json\/wp\/v2\/media?parent=27114"}],"wp:term":[{"taxonomy":"category","embeddable":true,"href":"https:\/\/actualizateiguazu.com\/v3\/wp-json\/wp\/v2\/categories?post=27114"},{"taxonomy":"post_tag","embeddable":true,"href":"https:\/\/actualizateiguazu.com\/v3\/wp-json\/wp\/v2\/tags?post=27114"}],"curies":[{"name":"wp","href":"https:\/\/api.w.org\/{rel}","templated":true}]}}