{"id":27121,"date":"2022-04-26T16:35:22","date_gmt":"2022-04-26T16:35:22","guid":{"rendered":"http:\/\/actualizateiguazu.com\/v3\/?p=27121"},"modified":"2022-04-26T16:36:03","modified_gmt":"2022-04-26T16:36:03","slug":"uta-acato-conciliacion-y-desde-el-mediodia-se-normaliza-el-servicio-de-corta-y-media-distancia-en-misiones","status":"publish","type":"post","link":"https:\/\/actualizateiguazu.com\/v3\/2022\/04\/26\/uta-acato-conciliacion-y-desde-el-mediodia-se-normaliza-el-servicio-de-corta-y-media-distancia-en-misiones\/","title":{"rendered":"UTA acat\u00f3 conciliaci\u00f3n y desde el mediod\u00eda se normaliza el servicio de corta y media distancia en Misiones"},"content":{"rendered":"\n<p>Seg\u00fan declaraciones a El Territorio por parte de Horacio Alvez, secretario general de la UTA Misiones, se esperaba que despu\u00e9s del mediod\u00eda comience a normalizarse el servicio urbano en diferentes municipios, como tambi\u00e9n el retorno de los viajes por el interior provincial, lo que est\u00e1 sucediendo.<\/p>\n\n\n\n<p>A trav\u00e9s de un comunicado, la Uni\u00f3n Tranviarios Automotor (UTA) confirm\u00f3 el acatamiento a la conciliaci\u00f3n obligatoria que dict\u00f3 el Ministerio de Trabajo de la Naci\u00f3n, por lo que el servicio de transporte tanto de corta como de media distancia se est\u00e1 reanudando desde el mediod\u00eda, tras haber sido interrumpido a la hora 0 de este martes.<\/p>\n\n\n\n<p>Seg\u00fan declaraciones formuladas a media ma\u00f1ana a El Territorio por parte de Horacio Alvez, secretario general de la UTA Misiones, se esperaba que despu\u00e9s del mediod\u00eda comience a normalizarse el servicio urbano en diferentes municipios, como tambi\u00e9n el retorno de los viajes por el interior provincial, lo que est\u00e1 sucediendo.<\/p>\n\n\n\n<figure class=\"wp-block-image size-large\"><img loading=\"lazy\" decoding=\"async\" width=\"1024\" height=\"768\" src=\"https:\/\/actualizateiguazu.com\/v3\/wp-content\/uploads\/2022\/04\/IMG_20220426_121051523_HDR-1024x768.jpg\" alt=\"\" class=\"wp-image-27122\" srcset=\"https:\/\/actualizateiguazu.com\/v3\/wp-content\/uploads\/2022\/04\/IMG_20220426_121051523_HDR-1024x768.jpg 1024w, https:\/\/actualizateiguazu.com\/v3\/wp-content\/uploads\/2022\/04\/IMG_20220426_121051523_HDR-300x225.jpg 300w, https:\/\/actualizateiguazu.com\/v3\/wp-content\/uploads\/2022\/04\/IMG_20220426_121051523_HDR-768x576.jpg 768w, https:\/\/actualizateiguazu.com\/v3\/wp-content\/uploads\/2022\/04\/IMG_20220426_121051523_HDR-1536x1152.jpg 1536w, https:\/\/actualizateiguazu.com\/v3\/wp-content\/uploads\/2022\/04\/IMG_20220426_121051523_HDR-2048x1536.jpg 2048w, https:\/\/actualizateiguazu.com\/v3\/wp-content\/uploads\/2022\/04\/IMG_20220426_121051523_HDR-720x540.jpg 720w\" sizes=\"auto, (max-width: 1024px) 100vw, 1024px\" \/><\/figure>\n\n\n\n<p>Al mismo tiempo, en el marco del reclamo que llevan adelante desde el sector, adelant\u00f3 a este matutino que este jueves habr\u00e1 una audiencia entre transportistas, empresarios, Trabajo y Transporte para llegar a un acuerdo.<\/p>\n\n\n\n<p>Ello coincide con el comunicado que emiti\u00f3 UTA al respecto. \u201cAguardamos que tanto las empresas como de autoridades nacionales, provinciales y municipales utilicen estos diez d\u00edas previstos a fin de otorgar a los trabajadores del interior, el mismo incremento salarial que ha sido acordado en el \u00c1rea Metropolitana de Buenos Aires (Amba)\u201d, precisaron en el escrito que lleva la firma de Roberto Fern\u00e1ndez, secretario general de UTA a nivel nacional<\/p>\n\n\n\n<p>Como se mencion\u00f3, desde la medianoche entr\u00f3 en vigencia la medida de fuerza que afect\u00f3 a miles de usuarios habituales del servicio urbano en diferentes ciudades, tanto de Misiones como del resto del pa\u00eds.<\/p>\n\n\n\n<p>Fuente El Territorio<\/p>\n","protected":false},"excerpt":{"rendered":"<p>Seg\u00fan declaraciones a El Territorio por parte de Horacio Alvez, secretario general de la UTA<\/p>\n","protected":false},"author":1,"featured_media":27123,"comment_status":"open","ping_status":"open","sticky":false,"template":"","format":"standard","meta":{"footnotes":""},"categories":[1,226],"tags":[],"class_list":["post-27121","post","type-post","status-publish","format-standard","has-post-thumbnail","hentry","category-actualidad","category-locales"],"_links":{"self":[{"href":"https:\/\/actualizateiguazu.com\/v3\/wp-json\/wp\/v2\/posts\/27121","targetHints":{"allow":["GET"]}}],"collection":[{"href":"https:\/\/actualizateiguazu.com\/v3\/wp-json\/wp\/v2\/posts"}],"about":[{"href":"https:\/\/actualizateiguazu.com\/v3\/wp-json\/wp\/v2\/types\/post"}],"author":[{"embeddable":true,"href":"https:\/\/actualizateiguazu.com\/v3\/wp-json\/wp\/v2\/users\/1"}],"replies":[{"embeddable":true,"href":"https:\/\/actualizateiguazu.com\/v3\/wp-json\/wp\/v2\/comments?post=27121"}],"version-history":[{"count":2,"href":"https:\/\/actualizateiguazu.com\/v3\/wp-json\/wp\/v2\/posts\/27121\/revisions"}],"predecessor-version":[{"id":27125,"href":"https:\/\/actualizateiguazu.com\/v3\/wp-json\/wp\/v2\/posts\/27121\/revisions\/27125"}],"wp:featuredmedia":[{"embeddable":true,"href":"https:\/\/actualizateiguazu.com\/v3\/wp-json\/wp\/v2\/media\/27123"}],"wp:attachment":[{"href":"https:\/\/actualizateiguazu.com\/v3\/wp-json\/wp\/v2\/media?parent=27121"}],"wp:term":[{"taxonomy":"category","embeddable":true,"href":"https:\/\/actualizateiguazu.com\/v3\/wp-json\/wp\/v2\/categories?post=27121"},{"taxonomy":"post_tag","embeddable":true,"href":"https:\/\/actualizateiguazu.com\/v3\/wp-json\/wp\/v2\/tags?post=27121"}],"curies":[{"name":"wp","href":"https:\/\/api.w.org\/{rel}","templated":true}]}}