{"id":27130,"date":"2022-04-26T17:11:27","date_gmt":"2022-04-26T17:11:27","guid":{"rendered":"http:\/\/actualizateiguazu.com\/v3\/?p=27130"},"modified":"2022-04-26T17:11:32","modified_gmt":"2022-04-26T17:11:32","slug":"el-ministro-perez-inauguro-el-instituto-educativo-del-circulo-de-suboficiales-de-la-policia","status":"publish","type":"post","link":"https:\/\/actualizateiguazu.com\/v3\/2022\/04\/26\/el-ministro-perez-inauguro-el-instituto-educativo-del-circulo-de-suboficiales-de-la-policia\/","title":{"rendered":"El ministro P\u00e9rez inaugur\u00f3 el instituto educativo del C\u00edrculo de Suboficiales de la Polic\u00eda"},"content":{"rendered":"\n<p>El Instituto \u201cSargento Eduardo Ram\u00edrez\u201d iniciar\u00e1 el ciclo lectivo con el Nivel Inicial y funcionar\u00e1 en el c\u00edrculo policial situado en calle San Marcos de Posadas. El flamante centro educativo, apostado en el primer piso de la entidad ubicada en la calle San Marcos 2703, abrir\u00e1 su ciclo lectivo para alumnos de las salas de 3, 4 y 5 a\u00f1os.<\/p>\n\n\n\n<p>\u201cCelebro con todos aquellos que han empujado la idea y la han materializado. Esto se gest\u00f3 aqu\u00ed y la idea surgi\u00f3 a partir del C\u00edrculo de Suboficiales que propuso hacerlo en este espacio (en 2019), esto se transmiti\u00f3 al ingeniero Rovira que tuvo la decisi\u00f3n pol\u00edtica y finalmente estamos ac\u00e1\u00a0 inaugurando este centro educativo de primera infancia\u201d, enfatiz\u00f3 P\u00e9rez.<\/p>\n\n\n\n<figure class=\"wp-block-image size-large\"><img loading=\"lazy\" decoding=\"async\" width=\"1024\" height=\"683\" src=\"https:\/\/actualizateiguazu.com\/v3\/wp-content\/uploads\/2022\/04\/WhatsApp-Image-2022-04-26-at-11.01.42-AM-1-1024x683.jpeg\" alt=\"\" class=\"wp-image-27133\" srcset=\"https:\/\/actualizateiguazu.com\/v3\/wp-content\/uploads\/2022\/04\/WhatsApp-Image-2022-04-26-at-11.01.42-AM-1-1024x683.jpeg 1024w, https:\/\/actualizateiguazu.com\/v3\/wp-content\/uploads\/2022\/04\/WhatsApp-Image-2022-04-26-at-11.01.42-AM-1-300x200.jpeg 300w, https:\/\/actualizateiguazu.com\/v3\/wp-content\/uploads\/2022\/04\/WhatsApp-Image-2022-04-26-at-11.01.42-AM-1-768x512.jpeg 768w, https:\/\/actualizateiguazu.com\/v3\/wp-content\/uploads\/2022\/04\/WhatsApp-Image-2022-04-26-at-11.01.42-AM-1.jpeg 1500w\" sizes=\"auto, (max-width: 1024px) 100vw, 1024px\" \/><\/figure>\n\n\n\n<p>\u00abLa base del futuro es el nivel inicial, estar ac\u00e1 hoy para nosotros es un honor, es la administraci\u00f3n responsable de esos recursos del pueblo de la provincia de Misiones apostando a la educaci\u00f3n\u00bb, concluy\u00f3 el ministro de Gobierno.<\/p>\n\n\n\n<p>Participaron adem\u00e1s del acto inaugural, el subsecretario de Seguridad y Justicia, Ariel Marinoni; el presidente del C\u00edrculo de Suboficiales y Agentes, Daniel Amaro; el director del Servicio Provincial de Ense\u00f1anza Privada de Misiones (SPEPM), Luis Bogado y el jefe de la Polic\u00eda de Misiones, Carlos Merlo.<\/p>\n\n\n\n<p>\u00abChaque Ch\u00e9\u00bb<\/p>\n\n\n\n<figure class=\"wp-block-image size-large\"><img loading=\"lazy\" decoding=\"async\" width=\"1024\" height=\"683\" src=\"https:\/\/actualizateiguazu.com\/v3\/wp-content\/uploads\/2022\/04\/WhatsApp-Image-2022-04-26-at-11.01.43-AM-1-1024x683.jpeg\" alt=\"\" class=\"wp-image-27132\" srcset=\"https:\/\/actualizateiguazu.com\/v3\/wp-content\/uploads\/2022\/04\/WhatsApp-Image-2022-04-26-at-11.01.43-AM-1-1024x683.jpeg 1024w, https:\/\/actualizateiguazu.com\/v3\/wp-content\/uploads\/2022\/04\/WhatsApp-Image-2022-04-26-at-11.01.43-AM-1-300x200.jpeg 300w, https:\/\/actualizateiguazu.com\/v3\/wp-content\/uploads\/2022\/04\/WhatsApp-Image-2022-04-26-at-11.01.43-AM-1-768x512.jpeg 768w, https:\/\/actualizateiguazu.com\/v3\/wp-content\/uploads\/2022\/04\/WhatsApp-Image-2022-04-26-at-11.01.43-AM-1.jpeg 1500w\" sizes=\"auto, (max-width: 1024px) 100vw, 1024px\" \/><\/figure>\n\n\n\n<p>El nombre del centro educativo rinde honor al hist\u00f3rico sargento de la fuerza provincial, m\u00e1s y mejor conocido como \u00abChaque Ch\u00e9\u00bb, frase que gritaba a los malvivientes que atrapaba heroicamente all\u00e1 por la primera d\u00e9cada del siglo 20.<\/p>\n","protected":false},"excerpt":{"rendered":"<p>El Instituto \u201cSargento Eduardo Ram\u00edrez\u201d iniciar\u00e1 el ciclo lectivo con el Nivel Inicial y funcionar\u00e1<\/p>\n","protected":false},"author":1,"featured_media":27131,"comment_status":"open","ping_status":"open","sticky":false,"template":"","format":"standard","meta":{"footnotes":""},"categories":[1,229],"tags":[],"class_list":["post-27130","post","type-post","status-publish","format-standard","has-post-thumbnail","hentry","category-actualidad","category-provinciales"],"_links":{"self":[{"href":"https:\/\/actualizateiguazu.com\/v3\/wp-json\/wp\/v2\/posts\/27130","targetHints":{"allow":["GET"]}}],"collection":[{"href":"https:\/\/actualizateiguazu.com\/v3\/wp-json\/wp\/v2\/posts"}],"about":[{"href":"https:\/\/actualizateiguazu.com\/v3\/wp-json\/wp\/v2\/types\/post"}],"author":[{"embeddable":true,"href":"https:\/\/actualizateiguazu.com\/v3\/wp-json\/wp\/v2\/users\/1"}],"replies":[{"embeddable":true,"href":"https:\/\/actualizateiguazu.com\/v3\/wp-json\/wp\/v2\/comments?post=27130"}],"version-history":[{"count":1,"href":"https:\/\/actualizateiguazu.com\/v3\/wp-json\/wp\/v2\/posts\/27130\/revisions"}],"predecessor-version":[{"id":27134,"href":"https:\/\/actualizateiguazu.com\/v3\/wp-json\/wp\/v2\/posts\/27130\/revisions\/27134"}],"wp:featuredmedia":[{"embeddable":true,"href":"https:\/\/actualizateiguazu.com\/v3\/wp-json\/wp\/v2\/media\/27131"}],"wp:attachment":[{"href":"https:\/\/actualizateiguazu.com\/v3\/wp-json\/wp\/v2\/media?parent=27130"}],"wp:term":[{"taxonomy":"category","embeddable":true,"href":"https:\/\/actualizateiguazu.com\/v3\/wp-json\/wp\/v2\/categories?post=27130"},{"taxonomy":"post_tag","embeddable":true,"href":"https:\/\/actualizateiguazu.com\/v3\/wp-json\/wp\/v2\/tags?post=27130"}],"curies":[{"name":"wp","href":"https:\/\/api.w.org\/{rel}","templated":true}]}}