{"id":27138,"date":"2022-04-27T01:03:46","date_gmt":"2022-04-27T01:03:46","guid":{"rendered":"http:\/\/actualizateiguazu.com\/v3\/?p=27138"},"modified":"2022-04-27T01:03:50","modified_gmt":"2022-04-27T01:03:50","slug":"iguazu-continuan-los-reclamos-por-el-deficiente-suministro-de-agua-potable","status":"publish","type":"post","link":"https:\/\/actualizateiguazu.com\/v3\/2022\/04\/27\/iguazu-continuan-los-reclamos-por-el-deficiente-suministro-de-agua-potable\/","title":{"rendered":"Iguaz\u00fa: Contin\u00faan los reclamos por el deficiente suministro de agua potable"},"content":{"rendered":"\n<p>Esta tarde pasadas las 18hs, un grupo de vecinos se reuni\u00f3 frente a las instalaciones del Instituto Misionero de Agua y Saneamiento <strong>para reclamar por el suministro de agua potable teniendo en cuenta la seguidilla de problemas que se han registrado y han dejado a las menos 10 barrios son servicio por 15 d\u00edas<\/strong>. Ma\u00f1ana volver\u00e1n a concentrarse a partir de las 17 horas y convocan a m\u00e1s personas a sumarse a los reclamos.<\/p>\n\n\n\n<p><strong>Hace casi 15 d\u00edas varios barrios de la ciudad registran problemas en el suministro de agua potable, estos problemas se registran desde antes de Semana Santa, si bien por algunos d\u00edas el suministro comenz\u00f3 a moralizarse en algunos sectores, una seguidilla de cortes de energ\u00eda el\u00e9ctrica volvi\u00f3 a complicar el abastecimiento, dejando a cientos de vecinos sin el l\u00edquido vital, obligados a pedir asistencia o a comprar agua a los deliverys.<\/strong><\/p>\n\n\n\n<p>\u201c<strong>Esto es criminal, no nos pueden dejar sin agua<\/strong>. Hace 15 d\u00edas que no llega agua a mi casa, tengo que comprar o suplicar que me lleven con el cami\u00f3n, esto no es vida. El problema no es de ahora siempre fue as\u00ed. Por eso exigimos presupuesto e inversiones reales para solucionar el problema de una vez por todas\u201d reclamo Ramona Romero vecina de barrio Malvinas<\/p>\n\n\n\n<figure class=\"wp-block-image size-large\"><img loading=\"lazy\" decoding=\"async\" width=\"1024\" height=\"576\" src=\"https:\/\/actualizateiguazu.com\/v3\/wp-content\/uploads\/2022\/04\/WhatsApp-Image-2022-04-26-at-6.43.44-PM-1024x576.jpeg\" alt=\"\" class=\"wp-image-27139\" srcset=\"https:\/\/actualizateiguazu.com\/v3\/wp-content\/uploads\/2022\/04\/WhatsApp-Image-2022-04-26-at-6.43.44-PM-1024x576.jpeg 1024w, https:\/\/actualizateiguazu.com\/v3\/wp-content\/uploads\/2022\/04\/WhatsApp-Image-2022-04-26-at-6.43.44-PM-300x169.jpeg 300w, https:\/\/actualizateiguazu.com\/v3\/wp-content\/uploads\/2022\/04\/WhatsApp-Image-2022-04-26-at-6.43.44-PM-768x432.jpeg 768w, https:\/\/actualizateiguazu.com\/v3\/wp-content\/uploads\/2022\/04\/WhatsApp-Image-2022-04-26-at-6.43.44-PM-1536x864.jpeg 1536w, https:\/\/actualizateiguazu.com\/v3\/wp-content\/uploads\/2022\/04\/WhatsApp-Image-2022-04-26-at-6.43.44-PM-800x450.jpeg 800w, https:\/\/actualizateiguazu.com\/v3\/wp-content\/uploads\/2022\/04\/WhatsApp-Image-2022-04-26-at-6.43.44-PM.jpeg 1600w\" sizes=\"auto, (max-width: 1024px) 100vw, 1024px\" \/><\/figure>\n\n\n\n<p>Por su parte Marina del barrio Comandante Andresito, manifest\u00f3 que hace ya varios meses no cuenta con el servicio de forma regular y que est\u00e1 cansada de gastar m\u00e1s de 4000 pesos por semana en delivery de agua \u201cYo no s\u00e9 qu\u00e9 tienen que hacer, vivo detr\u00e1s de la planta potabilizadora y no tengo agua, esto es un chiste, siempre lo mismo. Evidentemente no tienen personal capacitado, deber\u00edan sacar a los que no sirven y traer a gente que sepa y que tenga ganas de trabajar\u201d<\/p>\n\n\n\n<p>Los barrio m\u00e1s afectados por la deficiente distribuci\u00f3n de agua potable son, Villa 14, parte de barrio Centro, Villa Florida, Villa Nueva, obrero, Almirante Brown, Villa Alta (zona Alta) barrio Bel\u00e9n, Malvinas, Santa Mar\u00eda del Iguaz\u00fa y barrio Comandante Andresito.<\/p>\n\n\n\n<p><strong>Desde IMAS informaron que est\u00e1n trabajando para subsanar los inconvenientes e indicaron que algunos barrios est\u00e1n recibiendo el l\u00edquido vital, pero no con la presi\u00f3n suficiente<\/strong> para que se pueda almacenar en tanques elevados. Adem\u00e1s r<strong>ecalcaron que si no registran cortes prolongados o micro cortes de energ\u00eda el\u00e9ctrica el servicio se normalizar\u00eda por zonas en las pr\u00f3ximas horas.<\/strong><\/p>\n\n\n\n<p>Dicha explicaci\u00f3n no fue suficiente para los vecinos que convocan a una nueva manifestaci\u00f3n frente a IMAS prevista para este mi\u00e9rcoles a las 17hs.<\/p>\n","protected":false},"excerpt":{"rendered":"<p>Esta tarde pasadas las 18hs, un grupo de vecinos se reuni\u00f3 frente a las instalaciones<\/p>\n","protected":false},"author":1,"featured_media":27140,"comment_status":"open","ping_status":"open","sticky":false,"template":"","format":"standard","meta":{"footnotes":""},"categories":[1,226],"tags":[],"class_list":["post-27138","post","type-post","status-publish","format-standard","has-post-thumbnail","hentry","category-actualidad","category-locales"],"_links":{"self":[{"href":"https:\/\/actualizateiguazu.com\/v3\/wp-json\/wp\/v2\/posts\/27138","targetHints":{"allow":["GET"]}}],"collection":[{"href":"https:\/\/actualizateiguazu.com\/v3\/wp-json\/wp\/v2\/posts"}],"about":[{"href":"https:\/\/actualizateiguazu.com\/v3\/wp-json\/wp\/v2\/types\/post"}],"author":[{"embeddable":true,"href":"https:\/\/actualizateiguazu.com\/v3\/wp-json\/wp\/v2\/users\/1"}],"replies":[{"embeddable":true,"href":"https:\/\/actualizateiguazu.com\/v3\/wp-json\/wp\/v2\/comments?post=27138"}],"version-history":[{"count":1,"href":"https:\/\/actualizateiguazu.com\/v3\/wp-json\/wp\/v2\/posts\/27138\/revisions"}],"predecessor-version":[{"id":27141,"href":"https:\/\/actualizateiguazu.com\/v3\/wp-json\/wp\/v2\/posts\/27138\/revisions\/27141"}],"wp:featuredmedia":[{"embeddable":true,"href":"https:\/\/actualizateiguazu.com\/v3\/wp-json\/wp\/v2\/media\/27140"}],"wp:attachment":[{"href":"https:\/\/actualizateiguazu.com\/v3\/wp-json\/wp\/v2\/media?parent=27138"}],"wp:term":[{"taxonomy":"category","embeddable":true,"href":"https:\/\/actualizateiguazu.com\/v3\/wp-json\/wp\/v2\/categories?post=27138"},{"taxonomy":"post_tag","embeddable":true,"href":"https:\/\/actualizateiguazu.com\/v3\/wp-json\/wp\/v2\/tags?post=27138"}],"curies":[{"name":"wp","href":"https:\/\/api.w.org\/{rel}","templated":true}]}}