{"id":27154,"date":"2022-04-27T18:24:03","date_gmt":"2022-04-27T18:24:03","guid":{"rendered":"http:\/\/actualizateiguazu.com\/v3\/?p=27154"},"modified":"2022-04-27T18:24:46","modified_gmt":"2022-04-27T18:24:46","slug":"semana-de-vacunacion-de-las-americas-inoculan-a-personal-esencial","status":"publish","type":"post","link":"https:\/\/actualizateiguazu.com\/v3\/2022\/04\/27\/semana-de-vacunacion-de-las-americas-inoculan-a-personal-esencial\/","title":{"rendered":"Semana de vacunaci\u00f3n de las Am\u00e9ricas, inoculan a personal esencial"},"content":{"rendered":"\n<p>En el marco de la semana de Vacunacion de las americas, que desarrolla el 23 al 30 de abril de 2022, la Organizaci\u00f3n Panamericana de la Salud (OPS), junto con los pa\u00edses y territorios de la Regi\u00f3n de las Am\u00e9ricas y sus socios, celebrar\u00e1 la 20\u00b0 Semana de Vacunaci\u00f3n en las Am\u00e9ricas (SVA) y la 11.\u00aa Semana Mundial de Inmunizaci\u00f3n con el llamado a la acci\u00f3n \u201c\u00bfEst\u00e1s protegido? Ponte todas tus vacunas\u00bb. En Iguaz\u00fa buscan reforzar y completar el calendario de vacunaci\u00f3n del personal esencial, haciendo extensiva la acci\u00f3n a toda la poblaci\u00f3n.<\/p>\n\n\n\n<figure class=\"wp-block-image size-large\"><img loading=\"lazy\" decoding=\"async\" width=\"1024\" height=\"768\" src=\"https:\/\/actualizateiguazu.com\/v3\/wp-content\/uploads\/2022\/04\/WhatsApp-Image-2022-04-27-at-12.05.00-PM-1-1024x768.jpeg\" alt=\"\" class=\"wp-image-27156\" srcset=\"https:\/\/actualizateiguazu.com\/v3\/wp-content\/uploads\/2022\/04\/WhatsApp-Image-2022-04-27-at-12.05.00-PM-1-1024x768.jpeg 1024w, https:\/\/actualizateiguazu.com\/v3\/wp-content\/uploads\/2022\/04\/WhatsApp-Image-2022-04-27-at-12.05.00-PM-1-300x225.jpeg 300w, https:\/\/actualizateiguazu.com\/v3\/wp-content\/uploads\/2022\/04\/WhatsApp-Image-2022-04-27-at-12.05.00-PM-1-768x576.jpeg 768w, https:\/\/actualizateiguazu.com\/v3\/wp-content\/uploads\/2022\/04\/WhatsApp-Image-2022-04-27-at-12.05.00-PM-1-720x540.jpeg 720w, https:\/\/actualizateiguazu.com\/v3\/wp-content\/uploads\/2022\/04\/WhatsApp-Image-2022-04-27-at-12.05.00-PM-1.jpeg 1152w\" sizes=\"auto, (max-width: 1024px) 100vw, 1024px\" \/><\/figure>\n\n\n\n<p>A media ma\u00f1ana en el Centro de Eventos y Convenciones de Amerian Portal del Iguaz\u00fa se llev\u00f3 adelante un acto que cont\u00f3 con la presencia del ministro de Salud de Misiones Oscar Alarc\u00f3n, acompa\u00f1ado del vicegobernador Carlos Arce, el subsecretario de salud de Misiones H\u00e9ctor Proeza, el intendente Claudio Filippa y el subsecretario de planificaci\u00f3n del ministerio de salud de la Naci\u00f3n Juan Castelli, d\u00f3nde personal de la fuerza fue inmunizado haciendo especial hincapi\u00e9 en la aplicaci\u00f3n de la vacuna contra la fiebre amarilla.<\/p>\n\n\n\n<figure class=\"wp-block-image size-large\"><img loading=\"lazy\" decoding=\"async\" width=\"1024\" height=\"768\" src=\"https:\/\/actualizateiguazu.com\/v3\/wp-content\/uploads\/2022\/04\/WhatsApp-Image-2022-04-27-at-12.05.01-PM-1024x768.jpeg\" alt=\"\" class=\"wp-image-27155\" srcset=\"https:\/\/actualizateiguazu.com\/v3\/wp-content\/uploads\/2022\/04\/WhatsApp-Image-2022-04-27-at-12.05.01-PM-1024x768.jpeg 1024w, https:\/\/actualizateiguazu.com\/v3\/wp-content\/uploads\/2022\/04\/WhatsApp-Image-2022-04-27-at-12.05.01-PM-300x225.jpeg 300w, https:\/\/actualizateiguazu.com\/v3\/wp-content\/uploads\/2022\/04\/WhatsApp-Image-2022-04-27-at-12.05.01-PM-768x576.jpeg 768w, https:\/\/actualizateiguazu.com\/v3\/wp-content\/uploads\/2022\/04\/WhatsApp-Image-2022-04-27-at-12.05.01-PM-720x540.jpeg 720w, https:\/\/actualizateiguazu.com\/v3\/wp-content\/uploads\/2022\/04\/WhatsApp-Image-2022-04-27-at-12.05.01-PM.jpeg 1152w\" sizes=\"auto, (max-width: 1024px) 100vw, 1024px\" \/><\/figure>\n\n\n\n<p>Luego del acto, los funcionarios y autoridades se trasladaron a la comunidad Yryapu para una acci\u00f3n similar y recorrieron un sector del hospital SAMIC Iguaz\u00fa que fue refaccionado, adem\u00e1s de visitar el sector de oncolog\u00eda que fue refaccionado.<\/p>\n","protected":false},"excerpt":{"rendered":"<p>En el marco de la semana de Vacunacion de las americas, que desarrolla el 23<\/p>\n","protected":false},"author":1,"featured_media":27157,"comment_status":"open","ping_status":"open","sticky":false,"template":"","format":"standard","meta":{"footnotes":""},"categories":[1,226],"tags":[],"class_list":["post-27154","post","type-post","status-publish","format-standard","has-post-thumbnail","hentry","category-actualidad","category-locales"],"_links":{"self":[{"href":"https:\/\/actualizateiguazu.com\/v3\/wp-json\/wp\/v2\/posts\/27154","targetHints":{"allow":["GET"]}}],"collection":[{"href":"https:\/\/actualizateiguazu.com\/v3\/wp-json\/wp\/v2\/posts"}],"about":[{"href":"https:\/\/actualizateiguazu.com\/v3\/wp-json\/wp\/v2\/types\/post"}],"author":[{"embeddable":true,"href":"https:\/\/actualizateiguazu.com\/v3\/wp-json\/wp\/v2\/users\/1"}],"replies":[{"embeddable":true,"href":"https:\/\/actualizateiguazu.com\/v3\/wp-json\/wp\/v2\/comments?post=27154"}],"version-history":[{"count":2,"href":"https:\/\/actualizateiguazu.com\/v3\/wp-json\/wp\/v2\/posts\/27154\/revisions"}],"predecessor-version":[{"id":27159,"href":"https:\/\/actualizateiguazu.com\/v3\/wp-json\/wp\/v2\/posts\/27154\/revisions\/27159"}],"wp:featuredmedia":[{"embeddable":true,"href":"https:\/\/actualizateiguazu.com\/v3\/wp-json\/wp\/v2\/media\/27157"}],"wp:attachment":[{"href":"https:\/\/actualizateiguazu.com\/v3\/wp-json\/wp\/v2\/media?parent=27154"}],"wp:term":[{"taxonomy":"category","embeddable":true,"href":"https:\/\/actualizateiguazu.com\/v3\/wp-json\/wp\/v2\/categories?post=27154"},{"taxonomy":"post_tag","embeddable":true,"href":"https:\/\/actualizateiguazu.com\/v3\/wp-json\/wp\/v2\/tags?post=27154"}],"curies":[{"name":"wp","href":"https:\/\/api.w.org\/{rel}","templated":true}]}}