{"id":27166,"date":"2022-04-28T09:46:04","date_gmt":"2022-04-28T09:46:04","guid":{"rendered":"http:\/\/actualizateiguazu.com\/v3\/?p=27166"},"modified":"2022-04-28T09:47:20","modified_gmt":"2022-04-28T09:47:20","slug":"tras-siete-meses-de-calvario-una-madre-pudo-despedir-a-su-hijo","status":"publish","type":"post","link":"https:\/\/actualizateiguazu.com\/v3\/2022\/04\/28\/tras-siete-meses-de-calvario-una-madre-pudo-despedir-a-su-hijo\/","title":{"rendered":"Tras siete meses de calvario una madre pudo despedir a su hijo\u00a0"},"content":{"rendered":"\n<p>Luego de siete meses de angustia, incertidumbre e idas y venidas de funcionarios p\u00fablicos en torno a tr\u00e1mites burocr\u00e1ticos, el martes por la ma\u00f1ana M\u00f3nica Borras pudo cerrar el cap\u00edtulo m\u00e1s doloroso de su vida y empezar el duelo por la muerte de su hijo Ezequiel Amaru M\u00fcller (33), quien desapareci\u00f3 el 21 de septiembre pasado y que fue hallado seis d\u00edas despu\u00e9s sin vida en el r\u00edo Paran\u00e1, frente a la costa paraguaya.<\/p>\n\n\n\n<p>La ceremonia de inhumaci\u00f3n se concret\u00f3 en el cementerio El Salvador, de la Ciudad de las Cataratas, participaron familiares y amigos cercanos al joven.<\/p>\n\n\n\n<p>La mujer a\u00fan no fue informada de c\u00f3mo fue asesinado su hijo y si existe alguna hip\u00f3tesis del caso para esclarecer la muerte.<\/p>\n\n\n\n<p>El calvario de M\u00f3nica Borras comenz\u00f3 el pasado 21 de septiembre, cuando perdi\u00f3 contacto con su hijo Ezequiel. En el \u00faltimo mensaje por WhatsApp, el joven cont\u00f3 que estaba en Montecarlo, en la costa del r\u00edo Paran\u00e1, esperando que lo fueran a buscar para cruzar en canoa a Paraguay.<\/p>\n\n\n\n<p>Pero al no recibir m\u00e1s noticias del muchacho denunci\u00f3 en la Seccional Primera de Iguaz\u00fa la desaparici\u00f3n de Ezequiel y luego viaj\u00f3 a Montecarlo para buscarlo.<\/p>\n\n\n\n<figure class=\"wp-block-image size-large\"><img loading=\"lazy\" decoding=\"async\" width=\"1024\" height=\"768\" src=\"https:\/\/actualizateiguazu.com\/v3\/wp-content\/uploads\/2022\/04\/IMG_20220426_110908972_HDR-1024x768.jpg\" alt=\"\" class=\"wp-image-27168\" srcset=\"https:\/\/actualizateiguazu.com\/v3\/wp-content\/uploads\/2022\/04\/IMG_20220426_110908972_HDR-1024x768.jpg 1024w, https:\/\/actualizateiguazu.com\/v3\/wp-content\/uploads\/2022\/04\/IMG_20220426_110908972_HDR-300x225.jpg 300w, https:\/\/actualizateiguazu.com\/v3\/wp-content\/uploads\/2022\/04\/IMG_20220426_110908972_HDR-768x576.jpg 768w, https:\/\/actualizateiguazu.com\/v3\/wp-content\/uploads\/2022\/04\/IMG_20220426_110908972_HDR-1536x1152.jpg 1536w, https:\/\/actualizateiguazu.com\/v3\/wp-content\/uploads\/2022\/04\/IMG_20220426_110908972_HDR-2048x1536.jpg 2048w, https:\/\/actualizateiguazu.com\/v3\/wp-content\/uploads\/2022\/04\/IMG_20220426_110908972_HDR-720x540.jpg 720w\" sizes=\"auto, (max-width: 1024px) 100vw, 1024px\" \/><\/figure>\n\n\n\n<p>Seis d\u00edas despu\u00e9s, la Polic\u00eda del vecino pa\u00eds inform\u00f3 el hallazgo del cuerpo sin vida de un hombre flotando en la costa, en jurisdicci\u00f3n de Colonia San Lorenzo, Itap\u00faa, que coincid\u00eda con la descripci\u00f3n del joven.<\/p>\n\n\n\n<p>Desde ese momento hasta el pasado martes, la mujer realiz\u00f3 distintas gestiones y desbord\u00f3 de impotencia al no poder enterrar a su hijo y hacer el duelo.<\/p>\n\n\n\n<p>\u201cLuego de siete meses de idas y vueltas, de desconsideraciones, de falta de cumplimiento de los deberes p\u00fablicos, en el caso del c\u00f3nsul argentino en Encarnaci\u00f3n, por no ocuparse como correspond\u00eda de asegurar la identificaci\u00f3n de su conciudadano ni pidiendo traslado a una morgue, tampoco la investigaci\u00f3n del hecho, hoy (por ayer) pude comenzar el duelo y empezar a aceptar que mi hijo ya no est\u00e1\u201d, indic\u00f3 emocionada Borras frente a sus allegados que la acompa\u00f1aron en el acto.<\/p>\n\n\n\n<p>En los \u00faltimos meses, M\u00f3nica denunci\u00f3 errores grav\u00edsimos queextendieron m\u00e1s de lo debido el dolor como madre, ya que una vez que arrib\u00f3 el cuerpo a Posadas, gracias a la gesti\u00f3n del gobierno provincial, en la Morgue Judicial realizaron una autopsia de la cual ella desconoce detalles de las causas que provocaron la muerte y tomaron muestra de ADN para cotejar con muestras de la madre para confirmar la identidad.<\/p>\n\n\n\n<figure class=\"wp-block-image size-full\"><img loading=\"lazy\" decoding=\"async\" width=\"700\" height=\"697\" src=\"https:\/\/actualizateiguazu.com\/v3\/wp-content\/uploads\/2022\/04\/ezequiel.jpg\" alt=\"\" class=\"wp-image-27170\" srcset=\"https:\/\/actualizateiguazu.com\/v3\/wp-content\/uploads\/2022\/04\/ezequiel.jpg 700w, https:\/\/actualizateiguazu.com\/v3\/wp-content\/uploads\/2022\/04\/ezequiel-300x300.jpg 300w, https:\/\/actualizateiguazu.com\/v3\/wp-content\/uploads\/2022\/04\/ezequiel-150x150.jpg 150w\" sizes=\"auto, (max-width: 700px) 100vw, 700px\" \/><\/figure>\n\n\n\n<p>Pero luego el cuerpo que se encontraba judicializado fue liberado sin ning\u00fan tipo de documentaci\u00f3n, lo que gener\u00f3 tambi\u00e9n contratiempos para la familia.<\/p>\n\n\n\n<p>Por otro lado, la mujer tambi\u00e9n reclama que pese a que ten\u00edan los resultados de ADN el pasado 1 de diciembre, el informe fue notificado reci\u00e9n el 24 de febrero, despu\u00e9s de la feria judicial.<\/p>\n\n\n\n<p>Y que no entregaron los papeles necesarios para poder enterrar el cuerpo de su hijo que se encontraba en un nicho del cementerio de Iguaz\u00fa a la espera de que la Justicia liberara el cuerpo.<\/p>\n\n\n\n<p>\u201cSe cajone\u00f3 durante cuatro meses el resultado de autopsia y ADN. Y otras tantas irregularidades como falta de \u00e9tica, desconocimientos protocolares, secretarias judiciales ap\u00e1ticas. Luego de rogar, suplicar, ir y venir para ver a quien correspond\u00eda me otorgaron un certificado de defunci\u00f3n, por fin estuvimos en condiciones de realizar la correspondiente ceremonia, despedida, y traslado al lugar donde tendr\u00e1 su definitivo descanso\u201d, record\u00f3 la madre.<\/p>\n\n\n\n<p>Seg\u00fan los reportes policiales del vecino pa\u00eds, el joven habr\u00eda sufrido una muerte violenta, ya que ten\u00eda lesionespunzocortantes en la espalda. Sin embargo, esto debi\u00f3 ser corroborado por la autopsia, de las cuales se desconocen los resultados.&nbsp;<\/p>\n","protected":false},"excerpt":{"rendered":"<p>Luego de siete meses de angustia, incertidumbre e idas y venidas de funcionarios p\u00fablicos en<\/p>\n","protected":false},"author":1,"featured_media":27169,"comment_status":"open","ping_status":"open","sticky":false,"template":"","format":"standard","meta":{"footnotes":""},"categories":[1,226],"tags":[],"class_list":["post-27166","post","type-post","status-publish","format-standard","has-post-thumbnail","hentry","category-actualidad","category-locales"],"_links":{"self":[{"href":"https:\/\/actualizateiguazu.com\/v3\/wp-json\/wp\/v2\/posts\/27166","targetHints":{"allow":["GET"]}}],"collection":[{"href":"https:\/\/actualizateiguazu.com\/v3\/wp-json\/wp\/v2\/posts"}],"about":[{"href":"https:\/\/actualizateiguazu.com\/v3\/wp-json\/wp\/v2\/types\/post"}],"author":[{"embeddable":true,"href":"https:\/\/actualizateiguazu.com\/v3\/wp-json\/wp\/v2\/users\/1"}],"replies":[{"embeddable":true,"href":"https:\/\/actualizateiguazu.com\/v3\/wp-json\/wp\/v2\/comments?post=27166"}],"version-history":[{"count":1,"href":"https:\/\/actualizateiguazu.com\/v3\/wp-json\/wp\/v2\/posts\/27166\/revisions"}],"predecessor-version":[{"id":27171,"href":"https:\/\/actualizateiguazu.com\/v3\/wp-json\/wp\/v2\/posts\/27166\/revisions\/27171"}],"wp:featuredmedia":[{"embeddable":true,"href":"https:\/\/actualizateiguazu.com\/v3\/wp-json\/wp\/v2\/media\/27169"}],"wp:attachment":[{"href":"https:\/\/actualizateiguazu.com\/v3\/wp-json\/wp\/v2\/media?parent=27166"}],"wp:term":[{"taxonomy":"category","embeddable":true,"href":"https:\/\/actualizateiguazu.com\/v3\/wp-json\/wp\/v2\/categories?post=27166"},{"taxonomy":"post_tag","embeddable":true,"href":"https:\/\/actualizateiguazu.com\/v3\/wp-json\/wp\/v2\/tags?post=27166"}],"curies":[{"name":"wp","href":"https:\/\/api.w.org\/{rel}","templated":true}]}}