{"id":27173,"date":"2022-04-28T10:26:40","date_gmt":"2022-04-28T10:26:40","guid":{"rendered":"http:\/\/actualizateiguazu.com\/v3\/?p=27173"},"modified":"2022-04-28T10:27:35","modified_gmt":"2022-04-28T10:27:35","slug":"manifestacion-y-escrache-en-casa-de-concejal-para-exigir-agua-potable","status":"publish","type":"post","link":"https:\/\/actualizateiguazu.com\/v3\/2022\/04\/28\/manifestacion-y-escrache-en-casa-de-concejal-para-exigir-agua-potable\/","title":{"rendered":"Manifestaci\u00f3n y escrache en casa de concejal para exigir agua potable"},"content":{"rendered":"\n<p>En la jornada del mi\u00e9rcoles se llevaron adelante dos manifestaciones en la ciudad e las Cataratas para exigir la normalizaci\u00f3n del servicio de distribuci\u00f3n de agua potable en los barrios que son abastecidos por la planta potabilizadora del IMAS ubicada en el centro de la ciudad. <strong>Una de ellas finaliz\u00f3 frente a la casa del presidente del concejo deliberante donde\u00a0 con meg\u00e1fono hicieron su reclamo ante la falta de soluciones por parte de las autoridades.<\/strong><\/p>\n\n\n\n<figure class=\"wp-block-image size-large\"><img loading=\"lazy\" decoding=\"async\" width=\"1024\" height=\"768\" src=\"https:\/\/actualizateiguazu.com\/v3\/wp-content\/uploads\/2022\/04\/WhatsApp-Image-2022-04-27-at-5.49.36-PM-1024x768.jpeg\" alt=\"\" class=\"wp-image-27178\" srcset=\"https:\/\/actualizateiguazu.com\/v3\/wp-content\/uploads\/2022\/04\/WhatsApp-Image-2022-04-27-at-5.49.36-PM-1024x768.jpeg 1024w, https:\/\/actualizateiguazu.com\/v3\/wp-content\/uploads\/2022\/04\/WhatsApp-Image-2022-04-27-at-5.49.36-PM-300x225.jpeg 300w, https:\/\/actualizateiguazu.com\/v3\/wp-content\/uploads\/2022\/04\/WhatsApp-Image-2022-04-27-at-5.49.36-PM-768x576.jpeg 768w, https:\/\/actualizateiguazu.com\/v3\/wp-content\/uploads\/2022\/04\/WhatsApp-Image-2022-04-27-at-5.49.36-PM-1536x1152.jpeg 1536w, https:\/\/actualizateiguazu.com\/v3\/wp-content\/uploads\/2022\/04\/WhatsApp-Image-2022-04-27-at-5.49.36-PM-720x540.jpeg 720w, https:\/\/actualizateiguazu.com\/v3\/wp-content\/uploads\/2022\/04\/WhatsApp-Image-2022-04-27-at-5.49.36-PM.jpeg 1600w\" sizes=\"auto, (max-width: 1024px) 100vw, 1024px\" \/><\/figure>\n\n\n\n<p>Tal como estaba previsto, el mi\u00e9rcoles vecinos se reunieron frente a IMAS a las 17 horas para reclamar la normalizaci\u00f3n del servicio, all\u00ed un grupo de 4 mujeres reclamaron que las atiendan y expliquen cuando se normalizar\u00eda el servicio. <strong>En un momento dado personal de IMAS que deb\u00eda retirarse pues cumplieron el horario de trabajo y las tareas encomendadas, solicitaron la presencia de un m\u00f3vil policial para poder retirarse del lugar, alegaron que no les permit\u00edan salir<\/strong>.<\/p>\n\n\n\n<p>M\u00e1s tarde cerca de las 19 horas vecinos se convocaron en el Hito de las Tres Fronteras para dar inicio a una caravana que ten\u00eda como objetivo visibilizar la problem\u00e1tica de falta de agua que se vive en varios barrios de la ciudad desde hace m\u00e1s de 15 d\u00edas. <strong>Algunos vecinos denuncian que el servicio no se normaliza desde diciembre en sus viviendas \u201cen barrio comandante Andresito viene dos d\u00edas sin presi\u00f3n y el resto de la semana no tenemos agua\u201d<\/strong><\/p>\n\n\n\n<figure class=\"wp-block-image size-large\"><img loading=\"lazy\" decoding=\"async\" width=\"1024\" height=\"768\" src=\"https:\/\/actualizateiguazu.com\/v3\/wp-content\/uploads\/2022\/04\/WhatsApp-Image-2022-04-28-at-7.16.10-AM-1-1024x768.jpeg\" alt=\"\" class=\"wp-image-27176\" srcset=\"https:\/\/actualizateiguazu.com\/v3\/wp-content\/uploads\/2022\/04\/WhatsApp-Image-2022-04-28-at-7.16.10-AM-1-1024x768.jpeg 1024w, https:\/\/actualizateiguazu.com\/v3\/wp-content\/uploads\/2022\/04\/WhatsApp-Image-2022-04-28-at-7.16.10-AM-1-300x225.jpeg 300w, https:\/\/actualizateiguazu.com\/v3\/wp-content\/uploads\/2022\/04\/WhatsApp-Image-2022-04-28-at-7.16.10-AM-1-768x576.jpeg 768w, https:\/\/actualizateiguazu.com\/v3\/wp-content\/uploads\/2022\/04\/WhatsApp-Image-2022-04-28-at-7.16.10-AM-1-720x540.jpeg 720w, https:\/\/actualizateiguazu.com\/v3\/wp-content\/uploads\/2022\/04\/WhatsApp-Image-2022-04-28-at-7.16.10-AM-1.jpeg 1280w\" sizes=\"auto, (max-width: 1024px) 100vw, 1024px\" \/><\/figure>\n\n\n\n<p>Esta caravana parti\u00f3 desde el hito de las tres fronteras y recorri\u00f3 gran parte del casco c\u00e9ntrico de la ciudad de las cataratas, en un momento dado se detuvieron frente a la casa del presidente del Concejo Deliberante Juan Jos\u00e9 Raynoldi, <strong>marcaron presencia y reclamaron la inacci\u00f3n de las autoridades ante la problem\u00e1tica que seg\u00fan el cuerpo deliberativo existe desde el a\u00f1o 2004 cuando aprobaron la ordenanza de Emergencia H\u00eddrica en Puerto Iguaz\u00fa<\/strong>.<\/p>\n\n\n\n<p><strong>Esta prevista una nueva manifestaci\u00f3n frente a IMAS el pr\u00f3ximo domingo 1 de mayo a las 18hs.<\/strong><\/p>\n\n\n\n<figure class=\"wp-block-image size-large\"><img loading=\"lazy\" decoding=\"async\" width=\"718\" height=\"1024\" src=\"https:\/\/actualizateiguazu.com\/v3\/wp-content\/uploads\/2022\/04\/WhatsApp-Image-2022-04-27-at-7.59.14-PM-718x1024.jpeg\" alt=\"\" class=\"wp-image-27174\" srcset=\"https:\/\/actualizateiguazu.com\/v3\/wp-content\/uploads\/2022\/04\/WhatsApp-Image-2022-04-27-at-7.59.14-PM-718x1024.jpeg 718w, https:\/\/actualizateiguazu.com\/v3\/wp-content\/uploads\/2022\/04\/WhatsApp-Image-2022-04-27-at-7.59.14-PM-210x300.jpeg 210w, https:\/\/actualizateiguazu.com\/v3\/wp-content\/uploads\/2022\/04\/WhatsApp-Image-2022-04-27-at-7.59.14-PM.jpeg 720w\" sizes=\"auto, (max-width: 718px) 100vw, 718px\" \/><\/figure>\n","protected":false},"excerpt":{"rendered":"<p>En la jornada del mi\u00e9rcoles se llevaron adelante dos manifestaciones en la ciudad e las<\/p>\n","protected":false},"author":1,"featured_media":27175,"comment_status":"open","ping_status":"open","sticky":false,"template":"","format":"standard","meta":{"footnotes":""},"categories":[1,226],"tags":[],"class_list":["post-27173","post","type-post","status-publish","format-standard","has-post-thumbnail","hentry","category-actualidad","category-locales"],"_links":{"self":[{"href":"https:\/\/actualizateiguazu.com\/v3\/wp-json\/wp\/v2\/posts\/27173","targetHints":{"allow":["GET"]}}],"collection":[{"href":"https:\/\/actualizateiguazu.com\/v3\/wp-json\/wp\/v2\/posts"}],"about":[{"href":"https:\/\/actualizateiguazu.com\/v3\/wp-json\/wp\/v2\/types\/post"}],"author":[{"embeddable":true,"href":"https:\/\/actualizateiguazu.com\/v3\/wp-json\/wp\/v2\/users\/1"}],"replies":[{"embeddable":true,"href":"https:\/\/actualizateiguazu.com\/v3\/wp-json\/wp\/v2\/comments?post=27173"}],"version-history":[{"count":2,"href":"https:\/\/actualizateiguazu.com\/v3\/wp-json\/wp\/v2\/posts\/27173\/revisions"}],"predecessor-version":[{"id":27181,"href":"https:\/\/actualizateiguazu.com\/v3\/wp-json\/wp\/v2\/posts\/27173\/revisions\/27181"}],"wp:featuredmedia":[{"embeddable":true,"href":"https:\/\/actualizateiguazu.com\/v3\/wp-json\/wp\/v2\/media\/27175"}],"wp:attachment":[{"href":"https:\/\/actualizateiguazu.com\/v3\/wp-json\/wp\/v2\/media?parent=27173"}],"wp:term":[{"taxonomy":"category","embeddable":true,"href":"https:\/\/actualizateiguazu.com\/v3\/wp-json\/wp\/v2\/categories?post=27173"},{"taxonomy":"post_tag","embeddable":true,"href":"https:\/\/actualizateiguazu.com\/v3\/wp-json\/wp\/v2\/tags?post=27173"}],"curies":[{"name":"wp","href":"https:\/\/api.w.org\/{rel}","templated":true}]}}