{"id":27185,"date":"2022-04-28T12:43:40","date_gmt":"2022-04-28T12:43:40","guid":{"rendered":"http:\/\/actualizateiguazu.com\/v3\/?p=27185"},"modified":"2022-04-28T12:43:46","modified_gmt":"2022-04-28T12:43:46","slug":"los-adolescentes-son-los-mas-evasivos-a-recibir-las-vacunas","status":"publish","type":"post","link":"https:\/\/actualizateiguazu.com\/v3\/2022\/04\/28\/los-adolescentes-son-los-mas-evasivos-a-recibir-las-vacunas\/","title":{"rendered":"Los adolescentes son los m\u00e1s evasivos a recibir las vacunas"},"content":{"rendered":"\n<p>Del 23 al 30 de abril de 2022, la Organizaci\u00f3n Panamericana de la Salud (OPS), junto con los pa\u00edses y territorios de la Regi\u00f3n de las Am\u00e9ricas y sus socios,\u00a0 celebra la 20\u00b0 Semana de Vacunaci\u00f3n en las Am\u00e9ricas (SVA) y la 11\u00b0 Semana Mundial de Inmunizaci\u00f3n con un llamado a la acci\u00f3n: \u201c\u00bfEst\u00e1s protegido? Ponte todas tus vacunas\u201d. <strong>El lanzamiento en Misiones se hizo ayer en Puerto Iguaz\u00fa con un fuerte \u00e9nfasis en la importancia de la inoculaci\u00f3n en toda la poblaci\u00f3n<\/strong>.<\/p>\n\n\n\n<p>En todo el mundo -y la tierra colorada no es la excepci\u00f3n-, la llegada de la pandemia y el miedo al contagio del coronavirus trajo como consecuencia el descuido en la salud y en prevenci\u00f3n de otras enfermedades.<\/p>\n\n\n\n<p>Si bien hay una alta deficiencia en la aplicaci\u00f3n de todas las vacunas del calendario, en las campa\u00f1as y recorridas que hacen <strong>los agentes de salud para revertir la situaci\u00f3n, se encuentran con bastante resistencia en los adolescentes en la aplicaci\u00f3n de la vacuna contra el Virus del Papiloma Humano (VPH), que previene -entre otros varios- el c\u00e1ncer de cuello uterino. Aunque sostienen que llevan un buen porcentaje de chicos vacunados<\/strong>.<\/p>\n\n\n\n<p>\u201c<strong>Trabajamos desde la concientizaci\u00f3n sobre la importancia de la aplicaci\u00f3n de la vacuna del HPV, para evitar el c\u00e1ncer de cuello uterino, con charlas y con b\u00fasqueda activa, pero es p\u00fablico m\u00e1s dif\u00edcil de alcanzar<\/strong>\u201d, explic\u00f3 Roberto Lima, jefe de Inmunizaciones del Ministerio de Salud P\u00fablica. Sobre la raz\u00f3n, sostuvo que los chicos son, en general, m\u00e1s reticentes a cualquier vacuna y, al mismo tiempo, quieren decidir sobre sus cuerpos.<\/p>\n\n\n\n<p>La vacuna que previene el VPH en Misiones y en el pa\u00eds est\u00e1 incluida en el calendario obligatorio de vacunaci\u00f3n de manera gratuita, tanto para las ni\u00f1as como los ni\u00f1os de 11 a\u00f1os. Consta de dos dosis con seis meses de intervalo entre ellas. hasta los 13 a\u00f1os para acceder a este esquema de vacunaci\u00f3n de dos dosis, mientras que desde los 14 a\u00f1os ya tienen un esquema ampliado de tres dosis.<\/p>\n\n\n\n<p>Sin embargo, Lima recalc\u00f3 que en la provincia existe una muy buena aceptaci\u00f3n de las vacunas, m\u00e1s del 80% de la poblaci\u00f3n est\u00e1 inoculada y se trabaja para aumentar el porcentaje. \u201c<strong>Se trabaja para llegar a todos con la vacunaci\u00f3n, pero llegar al 100% es una utop\u00eda ya que muchas personas se niegan a ser vacunadas por diferentes creencias o motivos<\/strong>\u201d.<\/p>\n\n\n\n<p>Remarc\u00f3 que es vital reforzar la importancia de la vacunaci\u00f3n ya que con ello se evitar\u00e1 el resurgimiento de aquellas enfermedades que pueden ser prevenidas. Por ello el departamento de Inmunizaciones de la cartera sanitaria est\u00e1 trabajando en campa\u00f1as en las escuelas y vacunaci\u00f3n en terreno casa por casa a fin de que todos los ni\u00f1os y adolescentes completen el calendario de vacunaci\u00f3n.<\/p>\n\n\n\n<p>\u201c<strong>Estamos trabajando en las escuelas, en terreno con el fin de completar el calendario de vacunaci\u00f3n, que estuvo postergado por la emergencia sanitaria. No es que no se aplicaron otras vacunas, simplemente se prioriz\u00f3 la vacuna contra el covid-19 por la emergencia epidemiol\u00f3gica. Adem\u00e1s hubo muchas personas que por miedo al contagio postergaron la aplicaci\u00f3n de las vacunas<\/strong>\u201d, dijo Lima.<\/p>\n\n\n\n<p>Asimismo, Lima recalc\u00f3 que se aplicaron m\u00e1s 2 millones de dosis contra el Covid-19. \u201cTeniendo en cuenta que no es una vacuna obligatoria se ha avanzado bastante con la inoculaci\u00f3n, estamos abocados a que las personas completen el cronograma y se apliquen el refuerzo. Hay que ser claros respecto a la importancia de las vacunas, gracias a la inoculaci\u00f3n hoy no tenemos personas en terapia intensiva y cada vez se registran menos casos pero no tenemos que relajarnos, debemos completar el cronograma para mantener la curva epidemiol\u00f3gica\u201d, cerr\u00f3.<\/p>\n","protected":false},"excerpt":{"rendered":"<p>Del 23 al 30 de abril de 2022, la Organizaci\u00f3n Panamericana de la Salud (OPS),<\/p>\n","protected":false},"author":1,"featured_media":26989,"comment_status":"open","ping_status":"open","sticky":false,"template":"","format":"standard","meta":{"footnotes":""},"categories":[1,226],"tags":[],"class_list":["post-27185","post","type-post","status-publish","format-standard","has-post-thumbnail","hentry","category-actualidad","category-locales"],"_links":{"self":[{"href":"https:\/\/actualizateiguazu.com\/v3\/wp-json\/wp\/v2\/posts\/27185","targetHints":{"allow":["GET"]}}],"collection":[{"href":"https:\/\/actualizateiguazu.com\/v3\/wp-json\/wp\/v2\/posts"}],"about":[{"href":"https:\/\/actualizateiguazu.com\/v3\/wp-json\/wp\/v2\/types\/post"}],"author":[{"embeddable":true,"href":"https:\/\/actualizateiguazu.com\/v3\/wp-json\/wp\/v2\/users\/1"}],"replies":[{"embeddable":true,"href":"https:\/\/actualizateiguazu.com\/v3\/wp-json\/wp\/v2\/comments?post=27185"}],"version-history":[{"count":1,"href":"https:\/\/actualizateiguazu.com\/v3\/wp-json\/wp\/v2\/posts\/27185\/revisions"}],"predecessor-version":[{"id":27186,"href":"https:\/\/actualizateiguazu.com\/v3\/wp-json\/wp\/v2\/posts\/27185\/revisions\/27186"}],"wp:featuredmedia":[{"embeddable":true,"href":"https:\/\/actualizateiguazu.com\/v3\/wp-json\/wp\/v2\/media\/26989"}],"wp:attachment":[{"href":"https:\/\/actualizateiguazu.com\/v3\/wp-json\/wp\/v2\/media?parent=27185"}],"wp:term":[{"taxonomy":"category","embeddable":true,"href":"https:\/\/actualizateiguazu.com\/v3\/wp-json\/wp\/v2\/categories?post=27185"},{"taxonomy":"post_tag","embeddable":true,"href":"https:\/\/actualizateiguazu.com\/v3\/wp-json\/wp\/v2\/tags?post=27185"}],"curies":[{"name":"wp","href":"https:\/\/api.w.org\/{rel}","templated":true}]}}