{"id":27205,"date":"2022-04-28T18:43:40","date_gmt":"2022-04-28T18:43:40","guid":{"rendered":"http:\/\/actualizateiguazu.com\/v3\/?p=27205"},"modified":"2022-04-28T18:43:46","modified_gmt":"2022-04-28T18:43:46","slug":"desarrollo-social-trabaja-en-la-implementacion-del-programa-de-ayudas-urgentes-del-plan-nacional-accionar","status":"publish","type":"post","link":"https:\/\/actualizateiguazu.com\/v3\/2022\/04\/28\/desarrollo-social-trabaja-en-la-implementacion-del-programa-de-ayudas-urgentes-del-plan-nacional-accionar\/","title":{"rendered":"Desarrollo Social trabaja en la implementaci\u00f3n del programa de Ayudas Urgentes del Plan Nacional Accionar"},"content":{"rendered":"\n<p>Con el objetivo de acudir a paliar situaciones especiales o emergentes, como as\u00ed tambi\u00e9n apoyar el desarrollo de emprendimientos familiares o servicios asistidos, <strong>desde el Ministerio de Desarrollo Social, la Mujer y la Juventud trabaja en la implementaci\u00f3n en la provincia del programa de Ayudas Urgentes del Plan Nacional Accionar. <\/strong>El mismo es impulsado por el Ministerio de Desarrollo Social de la Naci\u00f3n, por lo que desde el gobierno provincial gestionan la implementaci\u00f3n de dicho programa, a trav\u00e9s de la firma de un convenio con el Consejo Nacional de Coordinaci\u00f3n de Pol\u00edticas Sociales.<\/p>\n\n\n\n<p>A trav\u00e9s de una reuni\u00f3n que mantuvo el ministro de Desarrollo Social, Fernando Meza, junto a la presidenta del Consejo Nacional de Coordinaci\u00f3n de Pol\u00edticas Sociales, Marisol Merquel, dialogaron sobre la firma de un convenio entre ambas partes para la segunda mitad del mes de mayo. Se trata de un subsidio de car\u00e1cter econ\u00f3mico, que es entregado al sujeto de derecho en el marco de la resoluci\u00f3n 2458\/04, para estar presentes en situaciones de vulnerabilidad social debidamente comprobada. El programa est\u00e1 destinado a personas f\u00edsicas con vulnerabilidad social, originada en problemas sociales, econ\u00f3micos, de salud, de car\u00e1cter emergente, agudo y\/o cr\u00f3nico, as\u00ed como situaciones especiales debidamente comprobadas que coloquen a la persona en una situaci\u00f3n de vulnerabilidad tal que requiera el auxilio del Estado.<\/p>\n\n\n\n<p>De esta manera, aquellas personas que se encuentren en situaciones de extrema urgencia o emergencia podr\u00e1n acceder al programa, luego de ser evaluado sobre la definici\u00f3n de cada situaci\u00f3n ser\u00e1 determinada por las \u00e1reas competentes en el marco de los diferentes contextos. Dicha evaluaci\u00f3n estar\u00e1 fundamentada en el informe que emita el o la profesional debidamente matriculado en la especialidad de tem\u00e1tica social.<\/p>\n\n\n\n<p><strong>MultiplicAR y AccionAR Identidad<\/strong><\/p>\n\n\n\n<p>Durante el encuentro, Meza dialog\u00f3 con Merquel sobre la implementaci\u00f3n de otro convenio, el programa Mercados MultiplicAR que fomenta el consumo de alimentos saludables y la producci\u00f3n regional con su consecuente impacto en la generaci\u00f3n de empleo. Del mismo modo, con la directora nacional del Consejo Consultivo de Pol\u00edticas Sociales, Natalia Manioldi, avanzaron en la implementaci\u00f3n del programa AccionAR Identidad, que tiene como objetivo la entrega de los Certificados de Pre Identificaci\u00f3n (CPI), dirigido a todas las personas nacidas en Argentina que no cuentan con partida de nacimiento y tampoco con DNI.<\/p>\n\n\n\n<p>Meza explic\u00f3 adem\u00e1s que, para la implementaci\u00f3n de los tres programas, el personal de la cartera social recibir\u00e1 capacitaciones v\u00eda zoom, de manera de brindar una mejor atenci\u00f3n a misioneras y misioneros que accedan a los beneficios correspondientes. De esta manera, el Gobierno de Misiones trabaja en la gesti\u00f3n de pol\u00edticas que beneficien de manera directa a la poblaci\u00f3n de mayor vulnerabilidad, para una igualdad de derechos y de acceso a una vida digna.<a href=\"https:\/\/desarrollosocial.misiones.gob.ar\/#facebook\" rel=\"noreferrer noopener\" target=\"_blank\">Facebook<\/a><a href=\"https:\/\/desarrollosocial.misiones.gob.ar\/#whatsapp\" rel=\"noreferrer noopener\" target=\"_blank\">WhatsApp<\/a><a href=\"https:\/\/desarrollosocial.misiones.gob.ar\/#twitter\" rel=\"noreferrer noopener\" target=\"_blank\">Twitter<\/a><a href=\"https:\/\/desarrollosocial.misiones.gob.ar\/#email\" rel=\"noreferrer noopener\" target=\"_blank\">Email<\/a><\/p>\n","protected":false},"excerpt":{"rendered":"<p>Con el objetivo de acudir a paliar situaciones especiales o emergentes, como as\u00ed tambi\u00e9n apoyar<\/p>\n","protected":false},"author":1,"featured_media":27206,"comment_status":"open","ping_status":"open","sticky":false,"template":"","format":"standard","meta":{"footnotes":""},"categories":[1,229],"tags":[],"class_list":["post-27205","post","type-post","status-publish","format-standard","has-post-thumbnail","hentry","category-actualidad","category-provinciales"],"_links":{"self":[{"href":"https:\/\/actualizateiguazu.com\/v3\/wp-json\/wp\/v2\/posts\/27205","targetHints":{"allow":["GET"]}}],"collection":[{"href":"https:\/\/actualizateiguazu.com\/v3\/wp-json\/wp\/v2\/posts"}],"about":[{"href":"https:\/\/actualizateiguazu.com\/v3\/wp-json\/wp\/v2\/types\/post"}],"author":[{"embeddable":true,"href":"https:\/\/actualizateiguazu.com\/v3\/wp-json\/wp\/v2\/users\/1"}],"replies":[{"embeddable":true,"href":"https:\/\/actualizateiguazu.com\/v3\/wp-json\/wp\/v2\/comments?post=27205"}],"version-history":[{"count":1,"href":"https:\/\/actualizateiguazu.com\/v3\/wp-json\/wp\/v2\/posts\/27205\/revisions"}],"predecessor-version":[{"id":27207,"href":"https:\/\/actualizateiguazu.com\/v3\/wp-json\/wp\/v2\/posts\/27205\/revisions\/27207"}],"wp:featuredmedia":[{"embeddable":true,"href":"https:\/\/actualizateiguazu.com\/v3\/wp-json\/wp\/v2\/media\/27206"}],"wp:attachment":[{"href":"https:\/\/actualizateiguazu.com\/v3\/wp-json\/wp\/v2\/media?parent=27205"}],"wp:term":[{"taxonomy":"category","embeddable":true,"href":"https:\/\/actualizateiguazu.com\/v3\/wp-json\/wp\/v2\/categories?post=27205"},{"taxonomy":"post_tag","embeddable":true,"href":"https:\/\/actualizateiguazu.com\/v3\/wp-json\/wp\/v2\/tags?post=27205"}],"curies":[{"name":"wp","href":"https:\/\/api.w.org\/{rel}","templated":true}]}}