{"id":27217,"date":"2022-04-29T10:00:33","date_gmt":"2022-04-29T10:00:33","guid":{"rendered":"http:\/\/actualizateiguazu.com\/v3\/?p=27217"},"modified":"2022-04-29T10:01:20","modified_gmt":"2022-04-29T10:01:20","slug":"separan-a-docente-de-una-escuela-de-eldorado-tras-denuncias-por-abusos","status":"publish","type":"post","link":"https:\/\/actualizateiguazu.com\/v3\/2022\/04\/29\/separan-a-docente-de-una-escuela-de-eldorado-tras-denuncias-por-abusos\/","title":{"rendered":"Separan a docente de una escuela de Eldorado tras denuncias por abusos"},"content":{"rendered":"\n<p>Un grupo de padres de la Escuela primaria N\u00b0 829 de Eldorado se manifest\u00f3 ayer por la ma\u00f1ana frente al edificio escolar dado que una <strong>persona perteneciente al plantel docente habr\u00eda exhibido sus partes \u00edntimas a chicos de entre 11 y 12 a\u00f1os<\/strong>.<\/p>\n\n\n\n<p>Seg\u00fan pudo averiguar El Territorio, los padres afirman que las autoridades de la escuela estaban en conocimiento de lo sucedido y reclaman que no se hubiera realizado la correspondiente denuncia policial por parte de la instituci\u00f3n.<\/p>\n\n\n\n<p>La Comisar\u00eda de la Mujer de la Capital del Trabajo registr\u00f3 una denuncia en esa escuela bajo la car\u00e1tula de abuso sexual.<\/p>\n\n\n\n<p><strong>Los padres aseguran que sus hijos, alumnos de la escuela, compart\u00edan desde las 8 hasta las 15 con este hombre, y adem\u00e1s manifestaron indignaci\u00f3n porque el docente \u201cya tuvo problemas en la escuela\u201d.<\/strong><\/p>\n\n\n\n<p>Hoy volver\u00e1n a manifestarse frente al establecimiento escolar en reclamo del cese de actividades de esta persona en todo el \u00e1mbito educativo.<\/p>\n\n\n\n<p>El supervisor de la zona, V\u00edctor Falc\u00f3n, se refiri\u00f3 a lo sucedido con Multimedio G\u00e9nesis: \u201c<strong>Como primera medida, el docente no est\u00e1 concurriendo a\u00a0 cumplir con sus obligaciones desde ayer, cuando se tom\u00f3 conocimiento del hecho, se tomaron las medidas administrativas y en funci\u00f3n de eso ahora seguir\u00e1 el tr\u00e1mite que corresponda<\/strong>\u201d.<\/p>\n\n\n\n<p>El funcionario se\u00f1al\u00f3 que se notificaron de la cuesti\u00f3n \u201c<strong>por manifestaciones de los ni\u00f1os a la directora de la escuela y la directora lo comunic\u00f3 a Supervisi\u00f3n<\/strong>\u201d, al tiempo que inform\u00f3 que el educador cuestionado estaba cumpliendo tareas de bibliotecario porque ten\u00eda problemas \u201cde a\u00f1os anteriores que no est\u00e1n relacionados con este hecho, que tienen que ver con otras cuestiones que son pedag\u00f3gicas\u201d.<\/p>\n\n\n\n<p>Fuente: El Territorio<\/p>\n","protected":false},"excerpt":{"rendered":"<p>Un grupo de padres de la Escuela primaria N\u00b0 829 de Eldorado se manifest\u00f3 ayer<\/p>\n","protected":false},"author":1,"featured_media":27218,"comment_status":"open","ping_status":"open","sticky":false,"template":"","format":"standard","meta":{"footnotes":""},"categories":[1,226],"tags":[],"class_list":["post-27217","post","type-post","status-publish","format-standard","has-post-thumbnail","hentry","category-actualidad","category-locales"],"_links":{"self":[{"href":"https:\/\/actualizateiguazu.com\/v3\/wp-json\/wp\/v2\/posts\/27217","targetHints":{"allow":["GET"]}}],"collection":[{"href":"https:\/\/actualizateiguazu.com\/v3\/wp-json\/wp\/v2\/posts"}],"about":[{"href":"https:\/\/actualizateiguazu.com\/v3\/wp-json\/wp\/v2\/types\/post"}],"author":[{"embeddable":true,"href":"https:\/\/actualizateiguazu.com\/v3\/wp-json\/wp\/v2\/users\/1"}],"replies":[{"embeddable":true,"href":"https:\/\/actualizateiguazu.com\/v3\/wp-json\/wp\/v2\/comments?post=27217"}],"version-history":[{"count":2,"href":"https:\/\/actualizateiguazu.com\/v3\/wp-json\/wp\/v2\/posts\/27217\/revisions"}],"predecessor-version":[{"id":27221,"href":"https:\/\/actualizateiguazu.com\/v3\/wp-json\/wp\/v2\/posts\/27217\/revisions\/27221"}],"wp:featuredmedia":[{"embeddable":true,"href":"https:\/\/actualizateiguazu.com\/v3\/wp-json\/wp\/v2\/media\/27218"}],"wp:attachment":[{"href":"https:\/\/actualizateiguazu.com\/v3\/wp-json\/wp\/v2\/media?parent=27217"}],"wp:term":[{"taxonomy":"category","embeddable":true,"href":"https:\/\/actualizateiguazu.com\/v3\/wp-json\/wp\/v2\/categories?post=27217"},{"taxonomy":"post_tag","embeddable":true,"href":"https:\/\/actualizateiguazu.com\/v3\/wp-json\/wp\/v2\/tags?post=27217"}],"curies":[{"name":"wp","href":"https:\/\/api.w.org\/{rel}","templated":true}]}}