{"id":27444,"date":"2022-05-06T15:18:59","date_gmt":"2022-05-06T15:18:59","guid":{"rendered":"https:\/\/actualizateiguazu.com\/v3\/?p=27444"},"modified":"2022-05-06T15:19:02","modified_gmt":"2022-05-06T15:19:02","slug":"este-domingo-gurises-festejara-su-aniversario-en-eldorado","status":"publish","type":"post","link":"https:\/\/actualizateiguazu.com\/v3\/2022\/05\/06\/este-domingo-gurises-festejara-su-aniversario-en-eldorado\/","title":{"rendered":"Este domingo, \u201cGurises\u201d festejar\u00e1 su aniversario en Eldorado"},"content":{"rendered":"\n<p><strong>A lo grande, \u201cGurises Felices\u201d festejar\u00e1 su decimotercer aniversario en la ciudad de Eldorado. Ser\u00e1 este domingo, 8 de mayo, a partir de las 17, en la c\u00e9ntrica plaza Sarmiento.<\/strong><\/p>\n\n\n\n<p>Previo al Show de \u201cGurises\u201d, que ofrecer\u00e1 sobre el escenario variadas sorpresas y novedades, <strong>actuar\u00e1 el ballet municipal y artistas locales<\/strong>, que se sumar\u00e1n a esta celebraci\u00f3n, en una tarea articulada con la Municipalidad de la Capital del Trabajo. Tambi\u00e9n, en uno de los sectores del paseo, estar\u00e1 instalada la Biblioteca m\u00f3vil, que ofrecer\u00e1 actividades previas al show.<\/p>\n\n\n\n<p>Seguidamente, se har\u00e1 el traspaso de la antorcha a la delegaci\u00f3n de San Vicente, que el a\u00f1o venidero ser\u00e1 sede del festejo del nuevo aniversario.<\/p>\n\n\n\n<p><strong>En el aniversario de Los Mit\u00e1<\/strong><\/p>\n\n\n\n<p>Ma\u00f1ana, s\u00e1bado 7, <strong>\u201cGurises Felices\u201d animar\u00e1 la tarde de los ni\u00f1os durante el d\u00e9cimo aniversario de esta banda de 2 de Mayo, liderada por \u00c1ngel \u201cBichi\u201d Vargas, que fue consagraci\u00f3n del Festival Nacional de la M\u00fasica del Litoral. Ser\u00e1 a partir de las 17, en el Parque de las Colectividades de la localidad<\/strong>.<\/p>\n","protected":false},"excerpt":{"rendered":"<p>A lo grande, \u201cGurises Felices\u201d festejar\u00e1 su decimotercer aniversario en la ciudad de Eldorado. Ser\u00e1<\/p>\n","protected":false},"author":1,"featured_media":27445,"comment_status":"open","ping_status":"open","sticky":false,"template":"","format":"standard","meta":{"footnotes":""},"categories":[1,222,229],"tags":[],"class_list":["post-27444","post","type-post","status-publish","format-standard","has-post-thumbnail","hentry","category-actualidad","category-cultura","category-provinciales"],"_links":{"self":[{"href":"https:\/\/actualizateiguazu.com\/v3\/wp-json\/wp\/v2\/posts\/27444","targetHints":{"allow":["GET"]}}],"collection":[{"href":"https:\/\/actualizateiguazu.com\/v3\/wp-json\/wp\/v2\/posts"}],"about":[{"href":"https:\/\/actualizateiguazu.com\/v3\/wp-json\/wp\/v2\/types\/post"}],"author":[{"embeddable":true,"href":"https:\/\/actualizateiguazu.com\/v3\/wp-json\/wp\/v2\/users\/1"}],"replies":[{"embeddable":true,"href":"https:\/\/actualizateiguazu.com\/v3\/wp-json\/wp\/v2\/comments?post=27444"}],"version-history":[{"count":1,"href":"https:\/\/actualizateiguazu.com\/v3\/wp-json\/wp\/v2\/posts\/27444\/revisions"}],"predecessor-version":[{"id":27446,"href":"https:\/\/actualizateiguazu.com\/v3\/wp-json\/wp\/v2\/posts\/27444\/revisions\/27446"}],"wp:featuredmedia":[{"embeddable":true,"href":"https:\/\/actualizateiguazu.com\/v3\/wp-json\/wp\/v2\/media\/27445"}],"wp:attachment":[{"href":"https:\/\/actualizateiguazu.com\/v3\/wp-json\/wp\/v2\/media?parent=27444"}],"wp:term":[{"taxonomy":"category","embeddable":true,"href":"https:\/\/actualizateiguazu.com\/v3\/wp-json\/wp\/v2\/categories?post=27444"},{"taxonomy":"post_tag","embeddable":true,"href":"https:\/\/actualizateiguazu.com\/v3\/wp-json\/wp\/v2\/tags?post=27444"}],"curies":[{"name":"wp","href":"https:\/\/api.w.org\/{rel}","templated":true}]}}