{"id":27447,"date":"2022-05-06T15:42:07","date_gmt":"2022-05-06T15:42:07","guid":{"rendered":"https:\/\/actualizateiguazu.com\/v3\/?p=27447"},"modified":"2022-05-06T15:42:10","modified_gmt":"2022-05-06T15:42:10","slug":"el-personal-del-iplyc-se-capacita-en-lenguaje-de-senas","status":"publish","type":"post","link":"https:\/\/actualizateiguazu.com\/v3\/2022\/05\/06\/el-personal-del-iplyc-se-capacita-en-lenguaje-de-senas\/","title":{"rendered":"El personal del Iplyc se capacita en lenguaje de se\u00f1as"},"content":{"rendered":"\n<p>Se inici\u00f3 el jueves en la Sala de Sorteos del Instituto, un acapacitacion en lenguaje de se\u00f1as destinado al personal de IPLyC SE e IPLyC Confort Cr\u00e9ditos y Servicios (IPLyC CCyS) que se encuentran en \u00e1rea de atenci\u00f3n al cliente.<\/p>\n\n\n\n<p>Los 30 empleados recibieron la clase por parte del instructor pedag\u00f3gico en Lengua de Se\u00f1as Argentina (LSA), profesor Luis Fernando Murua, y el int\u00e9rprete emp\u00edrico, Carlos Suarez Da Silva, estudiante avanzado de la carrera de int\u00e9rprete universitario en LSA-ESp.<\/p>\n\n\n\n<figure class=\"wp-block-image size-large\"><img loading=\"lazy\" decoding=\"async\" width=\"1024\" height=\"766\" src=\"https:\/\/actualizateiguazu.com\/v3\/wp-content\/uploads\/2022\/05\/Lengua-de-senas-1-1024x766.jpeg\" alt=\"\" class=\"wp-image-27449\" srcset=\"https:\/\/actualizateiguazu.com\/v3\/wp-content\/uploads\/2022\/05\/Lengua-de-senas-1-1024x766.jpeg 1024w, https:\/\/actualizateiguazu.com\/v3\/wp-content\/uploads\/2022\/05\/Lengua-de-senas-1-300x225.jpeg 300w, https:\/\/actualizateiguazu.com\/v3\/wp-content\/uploads\/2022\/05\/Lengua-de-senas-1-768x575.jpeg 768w, https:\/\/actualizateiguazu.com\/v3\/wp-content\/uploads\/2022\/05\/Lengua-de-senas-1-720x540.jpeg 720w, https:\/\/actualizateiguazu.com\/v3\/wp-content\/uploads\/2022\/05\/Lengua-de-senas-1.jpeg 1280w\" sizes=\"auto, (max-width: 1024px) 100vw, 1024px\" \/><\/figure>\n\n\n\n<p>Ambos forman parte del equipo de trabajo de la Fundaci\u00f3n \u00d1ande Reko Ha, presidida por Laura Rodr\u00edguez, quien presenci\u00f3 este primer encuentro, que se replicar\u00e1 durante otras cuatro clases de una hora y media de duraci\u00f3n, junto al vicepresidente, Cristian De Lima, y a la secretaria, Silvana Rivas.<\/p>\n\n\n\n<p>En esta primera entrega, la clase gir\u00f3 en torno a: Comunidad sorda, mitos y verdades a trav\u00e9s de los tiempos, \u00bfqu\u00e9 es la lengua de se\u00f1as?, caracter\u00edsticas de la lengua de se\u00f1as, cultura sorda, alfabeto dactilol\u00f3gico argentino, comunicaci\u00f3n y formas de cortes\u00eda para la correcta atenci\u00f3n. Tambi\u00e9n estuvo presente la subgerente de Recursos Humanos del IPLyC SE, Lidia Vicent\u00edn, y la auxiliar del \u00e1rea, Angie Sinner.<\/p>\n","protected":false},"excerpt":{"rendered":"<p>Se inici\u00f3 el jueves en la Sala de Sorteos del Instituto, un acapacitacion en lenguaje<\/p>\n","protected":false},"author":1,"featured_media":27450,"comment_status":"open","ping_status":"open","sticky":false,"template":"","format":"standard","meta":{"footnotes":""},"categories":[1,229,232],"tags":[],"class_list":["post-27447","post","type-post","status-publish","format-standard","has-post-thumbnail","hentry","category-actualidad","category-provinciales","category-sociedad"],"_links":{"self":[{"href":"https:\/\/actualizateiguazu.com\/v3\/wp-json\/wp\/v2\/posts\/27447","targetHints":{"allow":["GET"]}}],"collection":[{"href":"https:\/\/actualizateiguazu.com\/v3\/wp-json\/wp\/v2\/posts"}],"about":[{"href":"https:\/\/actualizateiguazu.com\/v3\/wp-json\/wp\/v2\/types\/post"}],"author":[{"embeddable":true,"href":"https:\/\/actualizateiguazu.com\/v3\/wp-json\/wp\/v2\/users\/1"}],"replies":[{"embeddable":true,"href":"https:\/\/actualizateiguazu.com\/v3\/wp-json\/wp\/v2\/comments?post=27447"}],"version-history":[{"count":1,"href":"https:\/\/actualizateiguazu.com\/v3\/wp-json\/wp\/v2\/posts\/27447\/revisions"}],"predecessor-version":[{"id":27451,"href":"https:\/\/actualizateiguazu.com\/v3\/wp-json\/wp\/v2\/posts\/27447\/revisions\/27451"}],"wp:featuredmedia":[{"embeddable":true,"href":"https:\/\/actualizateiguazu.com\/v3\/wp-json\/wp\/v2\/media\/27450"}],"wp:attachment":[{"href":"https:\/\/actualizateiguazu.com\/v3\/wp-json\/wp\/v2\/media?parent=27447"}],"wp:term":[{"taxonomy":"category","embeddable":true,"href":"https:\/\/actualizateiguazu.com\/v3\/wp-json\/wp\/v2\/categories?post=27447"},{"taxonomy":"post_tag","embeddable":true,"href":"https:\/\/actualizateiguazu.com\/v3\/wp-json\/wp\/v2\/tags?post=27447"}],"curies":[{"name":"wp","href":"https:\/\/api.w.org\/{rel}","templated":true}]}}