{"id":27553,"date":"2022-05-09T21:12:24","date_gmt":"2022-05-09T21:12:24","guid":{"rendered":"https:\/\/actualizateiguazu.com\/v3\/?p=27553"},"modified":"2022-05-09T21:12:26","modified_gmt":"2022-05-09T21:12:26","slug":"capacitacion-sobre-violencia-laboral-e-implementacion-del-programa-qualitas-en-puerto-iguazu","status":"publish","type":"post","link":"https:\/\/actualizateiguazu.com\/v3\/2022\/05\/09\/capacitacion-sobre-violencia-laboral-e-implementacion-del-programa-qualitas-en-puerto-iguazu\/","title":{"rendered":"Capacitaci\u00f3n sobre violencia laboral e implementaci\u00f3n del Programa Qu\u00e1litas en Puerto Iguaz\u00fa"},"content":{"rendered":"\n<p class=\"wp-block-paragraph\">El Ministerio de Trabajo de la Naci\u00f3n, junto a la cartera laboral de la provincia, brindaron un programa de capacitaci\u00f3n en Violencia Laboral, implementaron el Programa Qu\u00e1litas 190 y rubricaron convenios junto a CAMEM y Hotel Meli\u00e1.<\/p>\n\n\n\n<p class=\"wp-block-paragraph\">Adem\u00e1s, se rubricaron convenios entre el Ministerio de Trabajo, Empleo y Seguridad Social de la Naci\u00f3n y el Hotel Gran Meli\u00e1 Iguaz\u00fa para la promoci\u00f3n e implementaci\u00f3n de acciones orientadas al comportamiento empresarial responsable. Como as\u00ed tambi\u00e9n entre la cartera laboral y CAMEM para la promoci\u00f3n e implementaci\u00f3n de acciones orientadas a la prevenci\u00f3n, abordaje y erradicaci\u00f3n de la violencia y el acoso en el mundo del trabajo.<\/p>\n\n\n\n<p class=\"wp-block-paragraph\">La ministra Gim\u00e9nez hizo hincapi\u00e9 en la construcci\u00f3n articulada de las pol\u00edticas p\u00fablicas con respecto a esta tem\u00e1tica, que involucran al Gobierno Provincial, al sector privado, sindicatos y ONG. En este sentido, destac\u00f3 \u201cla creaci\u00f3n del Observatorio de Violencia Laboral mediante la Ley IX \u2013 N\u00b0 11, una pol\u00edtica p\u00fablica que la provincia de Misiones viene trabajando fuertemente\u201d<\/p>\n\n\n\n<p class=\"wp-block-paragraph\">Durante la apertura, Pamela Ares anunci\u00f3 la implementaci\u00f3n de un programa impulsado desde la Comisi\u00f3n Nacional contra el Trabajo Infantil, que toma como modelo e inspiraci\u00f3n la experiencia que se desarrolla en Misiones, por medio de la constituci\u00f3n de mesas locales para erradicar esta problem\u00e1tica.<\/p>\n\n\n\n<p class=\"wp-block-paragraph\">Este programa tiene por objetivo que los participantes reconozcan y sean capaces de identificar las distintas formas de violencias, que pudieran darse dentro del \u00e1mbito laboral, y de esa manera poder ejercer sus derechos para desenvolverse en sus tareas cotidianas en un clima laboral decente y saludable.<\/p>\n\n\n\n<p class=\"wp-block-paragraph\">Participaron de la presentaci\u00f3n de esta jornada: la ministra de Trabajo y Empleo de la Provincia, Silvana Gim\u00e9nez; la subsecretaria de Pol\u00edticas de Inclusi\u00f3n en el Mundo Laboral del Ministerio de Trabajo y Empleo de la Naci\u00f3n, Pamela Ares; la vicepresidenta de AHT Iguaz\u00fa (Asociaci\u00f3n de Hoteles de Turismo de la Rep\u00fablica Argentina), Ana Goti; la presidente de CAMEM (C\u00e1mara de Mujeres Empresarias de Misiones), Silvana Ratti.<\/p>\n\n\n\n<p class=\"wp-block-paragraph\">El equipo de capacitaci\u00f3n estuvo integrado por Dimitrof Augusto Casanova Ch\u00e1vez, coordinador de la Oficina de Asesoramiento sobre Violencia Laboral (OAVL) del Ministerio de Trabajo, Empleo y Seguridad Social de la Naci\u00f3n; y las integrantes del Observatorio de Violencia Laboral del Ministerio de Trabajo y Empleo de la Provincia Bel\u00e9n Acu\u00f1a, Soledad Llamosas y Fernanda L\u00f3pez.&#8211;<\/p>\n","protected":false},"excerpt":{"rendered":"<p>El Ministerio de Trabajo de la Naci\u00f3n, junto a la cartera laboral de la provincia,<\/p>\n","protected":false},"author":1,"featured_media":27554,"comment_status":"open","ping_status":"open","sticky":false,"template":"","format":"standard","meta":{"footnotes":""},"categories":[1,226],"tags":[],"class_list":["post-27553","post","type-post","status-publish","format-standard","has-post-thumbnail","hentry","category-actualidad","category-locales"],"_links":{"self":[{"href":"https:\/\/actualizateiguazu.com\/v3\/wp-json\/wp\/v2\/posts\/27553","targetHints":{"allow":["GET"]}}],"collection":[{"href":"https:\/\/actualizateiguazu.com\/v3\/wp-json\/wp\/v2\/posts"}],"about":[{"href":"https:\/\/actualizateiguazu.com\/v3\/wp-json\/wp\/v2\/types\/post"}],"author":[{"embeddable":true,"href":"https:\/\/actualizateiguazu.com\/v3\/wp-json\/wp\/v2\/users\/1"}],"replies":[{"embeddable":true,"href":"https:\/\/actualizateiguazu.com\/v3\/wp-json\/wp\/v2\/comments?post=27553"}],"version-history":[{"count":1,"href":"https:\/\/actualizateiguazu.com\/v3\/wp-json\/wp\/v2\/posts\/27553\/revisions"}],"predecessor-version":[{"id":27555,"href":"https:\/\/actualizateiguazu.com\/v3\/wp-json\/wp\/v2\/posts\/27553\/revisions\/27555"}],"wp:featuredmedia":[{"embeddable":true,"href":"https:\/\/actualizateiguazu.com\/v3\/wp-json\/wp\/v2\/media\/27554"}],"wp:attachment":[{"href":"https:\/\/actualizateiguazu.com\/v3\/wp-json\/wp\/v2\/media?parent=27553"}],"wp:term":[{"taxonomy":"category","embeddable":true,"href":"https:\/\/actualizateiguazu.com\/v3\/wp-json\/wp\/v2\/categories?post=27553"},{"taxonomy":"post_tag","embeddable":true,"href":"https:\/\/actualizateiguazu.com\/v3\/wp-json\/wp\/v2\/tags?post=27553"}],"curies":[{"name":"wp","href":"https:\/\/api.w.org\/{rel}","templated":true}]}}