{"id":27657,"date":"2022-05-12T15:13:58","date_gmt":"2022-05-12T15:13:58","guid":{"rendered":"https:\/\/actualizateiguazu.com\/v3\/?p=27657"},"modified":"2022-05-12T15:14:01","modified_gmt":"2022-05-12T15:14:01","slug":"se-incendio-un-automovil-e-investigan-si-habria-relacion-con-la-venta-informal-de-combustible","status":"publish","type":"post","link":"https:\/\/actualizateiguazu.com\/v3\/2022\/05\/12\/se-incendio-un-automovil-e-investigan-si-habria-relacion-con-la-venta-informal-de-combustible\/","title":{"rendered":"Se incendi\u00f3 un autom\u00f3vil e investigan si habr\u00eda relaci\u00f3n con la venta informal de combustible"},"content":{"rendered":"\n<p>Cerca de las 07:45 hs del d\u00eda de hoy jueves la guardia de Bomberos Voluntarios Iguaz\u00fa recibi\u00f3 una denuncia de parte de vecinos informando que debajo del tendido el\u00e9ctrico hab\u00eda un autom\u00f3vil estacionado en la intersecci\u00f3n de calle Carlos Gardel y Juan Pablo II. Debido a gran derrame.de combustible en el lugar investigan si habr\u00eda relaci\u00f3n con un la venta informal de combustible.<\/p>\n\n\n\n<p>Al lugar se dirigi\u00f3 una dotaci\u00f3n de bomberos y trabaja arduamente&nbsp; para extinguir el fuego y controlar&nbsp; derrame de combustible inflamable&nbsp; evitando que se propague el incendio .<\/p>\n\n\n\n<p>Los&nbsp; combustibles derivados del petr\u00f3leo en cantidad obligaron a los bomberos que se tuviera que trabajar con&nbsp; espuma y se activ\u00f3 un&nbsp; extintor de polvo ABC. Se trat\u00f3 de un Ford Taunus modelo antiguo que fue afectado en el sector&nbsp; del&nbsp; motor . No se registraron v\u00edctimas .<\/p>\n\n\n\n<p>Por protocolo de seguridad ciudadana y del medio ambiente, solicitaron la&nbsp; presencia de personal Policial jurisdiccional para que&nbsp; investigue si el siniestro ocurrido se produjo a causa de posible&nbsp; manipulaci\u00f3n y venta de combustible, se desconoce la cantidad de litros del derrame .<\/p>\n","protected":false},"excerpt":{"rendered":"<p>Cerca de las 07:45 hs del d\u00eda de hoy jueves la guardia de Bomberos Voluntarios<\/p>\n","protected":false},"author":1,"featured_media":27658,"comment_status":"open","ping_status":"open","sticky":false,"template":"","format":"standard","meta":{"footnotes":""},"categories":[1,226,228],"tags":[],"class_list":["post-27657","post","type-post","status-publish","format-standard","has-post-thumbnail","hentry","category-actualidad","category-locales","category-policiales"],"_links":{"self":[{"href":"https:\/\/actualizateiguazu.com\/v3\/wp-json\/wp\/v2\/posts\/27657","targetHints":{"allow":["GET"]}}],"collection":[{"href":"https:\/\/actualizateiguazu.com\/v3\/wp-json\/wp\/v2\/posts"}],"about":[{"href":"https:\/\/actualizateiguazu.com\/v3\/wp-json\/wp\/v2\/types\/post"}],"author":[{"embeddable":true,"href":"https:\/\/actualizateiguazu.com\/v3\/wp-json\/wp\/v2\/users\/1"}],"replies":[{"embeddable":true,"href":"https:\/\/actualizateiguazu.com\/v3\/wp-json\/wp\/v2\/comments?post=27657"}],"version-history":[{"count":1,"href":"https:\/\/actualizateiguazu.com\/v3\/wp-json\/wp\/v2\/posts\/27657\/revisions"}],"predecessor-version":[{"id":27659,"href":"https:\/\/actualizateiguazu.com\/v3\/wp-json\/wp\/v2\/posts\/27657\/revisions\/27659"}],"wp:featuredmedia":[{"embeddable":true,"href":"https:\/\/actualizateiguazu.com\/v3\/wp-json\/wp\/v2\/media\/27658"}],"wp:attachment":[{"href":"https:\/\/actualizateiguazu.com\/v3\/wp-json\/wp\/v2\/media?parent=27657"}],"wp:term":[{"taxonomy":"category","embeddable":true,"href":"https:\/\/actualizateiguazu.com\/v3\/wp-json\/wp\/v2\/categories?post=27657"},{"taxonomy":"post_tag","embeddable":true,"href":"https:\/\/actualizateiguazu.com\/v3\/wp-json\/wp\/v2\/tags?post=27657"}],"curies":[{"name":"wp","href":"https:\/\/api.w.org\/{rel}","templated":true}]}}