{"id":27663,"date":"2022-05-12T19:10:43","date_gmt":"2022-05-12T19:10:43","guid":{"rendered":"https:\/\/actualizateiguazu.com\/v3\/?p=27663"},"modified":"2022-05-12T19:10:47","modified_gmt":"2022-05-12T19:10:47","slug":"comenzaron-a-reparar-las-calles-danadas-con-la-obra-de-la-planta-de-las-lenas","status":"publish","type":"post","link":"https:\/\/actualizateiguazu.com\/v3\/2022\/05\/12\/comenzaron-a-reparar-las-calles-danadas-con-la-obra-de-la-planta-de-las-lenas\/","title":{"rendered":"Comenzaron a reparar las calles da\u00f1adas con la obra de la planta de las Le\u00f1as"},"content":{"rendered":"\n<p>Tras los reclamos de los vecinos de la calle las Valerianas que se vieron perjudicados por las instalaci\u00f3n de los ca\u00f1os de la obra de impulsi\u00f3n de la segunda planta potabilizadora ubicada en barrio Las Le\u00f1as, la Municipalidad de Iguaz\u00fa comenz\u00f3 \u00a0a trabajar en la zona para brindar a una soluci\u00f3n al vecino que se ve\u00eda imposibilitado para salir de su casa. <strong>Informaron que el trabajo de este jueves consisti\u00f3 en una limpieza y que luego de la reparaci\u00f3n de un ca\u00f1o comenzar\u00e1n con las obras de empedrado<\/strong>.<\/p>\n\n\n\n<figure class=\"wp-block-image size-large\"><img loading=\"lazy\" decoding=\"async\" width=\"768\" height=\"1024\" src=\"https:\/\/actualizateiguazu.com\/v3\/wp-content\/uploads\/2022\/05\/WhatsApp-Image-2022-05-12-at-2.09.26-PM-2-768x1024.jpeg\" alt=\"\" class=\"wp-image-27664\" srcset=\"https:\/\/actualizateiguazu.com\/v3\/wp-content\/uploads\/2022\/05\/WhatsApp-Image-2022-05-12-at-2.09.26-PM-2-768x1024.jpeg 768w, https:\/\/actualizateiguazu.com\/v3\/wp-content\/uploads\/2022\/05\/WhatsApp-Image-2022-05-12-at-2.09.26-PM-2-225x300.jpeg 225w, https:\/\/actualizateiguazu.com\/v3\/wp-content\/uploads\/2022\/05\/WhatsApp-Image-2022-05-12-at-2.09.26-PM-2-450x600.jpeg 450w, https:\/\/actualizateiguazu.com\/v3\/wp-content\/uploads\/2022\/05\/WhatsApp-Image-2022-05-12-at-2.09.26-PM-2.jpeg 780w\" sizes=\"auto, (max-width: 768px) 100vw, 768px\" \/><figcaption>Trabajo de Movimiento de suelo y reparacion de la calle Las Valerianas<\/figcaption><\/figure>\n\n\n\n<p>Fatima Schuster denunci\u00f3 que no pod\u00eda salir de su vivienda y debi\u00f3 pagar a un joven para que cortara el pasto de la calle y retirara las piedras del lugar para poder trasladarse al trabajo. Cont\u00f3 a este medio que todo empez\u00f3 cuando el 7 de marzo del 2.021 comenzaron con la excavaci\u00f3n para la instalaci\u00f3n de los ca\u00f1os, luego taparon los ca\u00f1os y comenzaron la obra de empedrado, sin embargo abandonaron los trabajos hace poco m\u00e1s de 7 meses. Resalt\u00f3 que en poco tiempo la calle desapareci\u00f3 y se transform\u00f3 en un basural donde personas dejaban sus residuos e incluso hab\u00eda una cocina y una heladera vieja.<\/p>\n\n\n\n<figure class=\"wp-block-image size-large is-resized\"><img loading=\"lazy\" decoding=\"async\" src=\"https:\/\/actualizateiguazu.com\/v3\/wp-content\/uploads\/2022\/05\/IMG_20220511_100831975-1024x768.jpg\" alt=\"\" class=\"wp-image-27618\" width=\"840\" height=\"630\" srcset=\"https:\/\/actualizateiguazu.com\/v3\/wp-content\/uploads\/2022\/05\/IMG_20220511_100831975-1024x768.jpg 1024w, https:\/\/actualizateiguazu.com\/v3\/wp-content\/uploads\/2022\/05\/IMG_20220511_100831975-300x225.jpg 300w, https:\/\/actualizateiguazu.com\/v3\/wp-content\/uploads\/2022\/05\/IMG_20220511_100831975-768x576.jpg 768w, https:\/\/actualizateiguazu.com\/v3\/wp-content\/uploads\/2022\/05\/IMG_20220511_100831975-1536x1152.jpg 1536w, https:\/\/actualizateiguazu.com\/v3\/wp-content\/uploads\/2022\/05\/IMG_20220511_100831975-2048x1536.jpg 2048w, https:\/\/actualizateiguazu.com\/v3\/wp-content\/uploads\/2022\/05\/IMG_20220511_100831975-720x540.jpg 720w\" sizes=\"auto, (max-width: 840px) 100vw, 840px\" \/><figcaption>Asi se encontraba la calle Las Valerianas<\/figcaption><\/figure>\n\n\n\n<p>Ante estos reclamos, <strong>la direcci\u00f3n de obras p\u00fablicas comenz\u00f3 a trabajar con las maquinas en horas del mediod\u00eda de este jueves en la calle Las Valerianas y seg\u00fan Ad\u00e1n Nolasco como primera medida despejaran la zona, luego de que IMAS repare un ca\u00f1o roto en la zona se trabajar para nivelar la calle y empezar con el empedrado nuevo<\/strong>.<\/p>\n\n\n\n<p>Adem\u00e1s recalc\u00f3 que trabajaron tambi\u00e9n en la reparaci\u00f3n de la calle Almafuerte, (continuaci\u00f3n de la calle Las Valerianas) que tambi\u00e9n se encuentra en mal estado debido a la instalaci\u00f3n de los ca\u00f1os de la red de impulsi\u00f3n de la planta potabilizadora.<\/p>\n","protected":false},"excerpt":{"rendered":"<p>Tras los reclamos de los vecinos de la calle las Valerianas que se vieron perjudicados<\/p>\n","protected":false},"author":1,"featured_media":27665,"comment_status":"open","ping_status":"open","sticky":false,"template":"","format":"standard","meta":{"footnotes":""},"categories":[1,226],"tags":[],"class_list":["post-27663","post","type-post","status-publish","format-standard","has-post-thumbnail","hentry","category-actualidad","category-locales"],"_links":{"self":[{"href":"https:\/\/actualizateiguazu.com\/v3\/wp-json\/wp\/v2\/posts\/27663","targetHints":{"allow":["GET"]}}],"collection":[{"href":"https:\/\/actualizateiguazu.com\/v3\/wp-json\/wp\/v2\/posts"}],"about":[{"href":"https:\/\/actualizateiguazu.com\/v3\/wp-json\/wp\/v2\/types\/post"}],"author":[{"embeddable":true,"href":"https:\/\/actualizateiguazu.com\/v3\/wp-json\/wp\/v2\/users\/1"}],"replies":[{"embeddable":true,"href":"https:\/\/actualizateiguazu.com\/v3\/wp-json\/wp\/v2\/comments?post=27663"}],"version-history":[{"count":1,"href":"https:\/\/actualizateiguazu.com\/v3\/wp-json\/wp\/v2\/posts\/27663\/revisions"}],"predecessor-version":[{"id":27666,"href":"https:\/\/actualizateiguazu.com\/v3\/wp-json\/wp\/v2\/posts\/27663\/revisions\/27666"}],"wp:featuredmedia":[{"embeddable":true,"href":"https:\/\/actualizateiguazu.com\/v3\/wp-json\/wp\/v2\/media\/27665"}],"wp:attachment":[{"href":"https:\/\/actualizateiguazu.com\/v3\/wp-json\/wp\/v2\/media?parent=27663"}],"wp:term":[{"taxonomy":"category","embeddable":true,"href":"https:\/\/actualizateiguazu.com\/v3\/wp-json\/wp\/v2\/categories?post=27663"},{"taxonomy":"post_tag","embeddable":true,"href":"https:\/\/actualizateiguazu.com\/v3\/wp-json\/wp\/v2\/tags?post=27663"}],"curies":[{"name":"wp","href":"https:\/\/api.w.org\/{rel}","templated":true}]}}