{"id":27906,"date":"2022-05-20T00:09:15","date_gmt":"2022-05-20T00:09:15","guid":{"rendered":"https:\/\/actualizateiguazu.com\/v3\/?p=27906"},"modified":"2022-05-20T00:09:19","modified_gmt":"2022-05-20T00:09:19","slug":"construiran-un-centro-de-desarrollo-infantil-en-barrio-nuevo-iguazu","status":"publish","type":"post","link":"https:\/\/actualizateiguazu.com\/v3\/2022\/05\/20\/construiran-un-centro-de-desarrollo-infantil-en-barrio-nuevo-iguazu\/","title":{"rendered":"Construir\u00e1n un Centro de desarrollo infantil en barrio Nuevo Iguaz\u00fa"},"content":{"rendered":"\n<p>En la sesi\u00f3n ordinaria del jueves 19 de mayo, <strong>trataron sobre tablas un proyecto de ordenanza para afectar un terreno de dominio municipal para la construcci\u00f3n de un centro de desarrollo infantil que tiene como objetivo atender en forma integral a los ni\u00f1os y ni\u00f1as de 45 d\u00edas de edad hasta los 4 a\u00f1os<\/strong>. El centro ser\u00e1 construido por la Unidad Ejecutora Provincial con fondos nacionales.<\/p>\n\n\n\n<p>El tratamiento del proyecto de ordenanza aprobado por unanimidad <strong>trataba de la afectaci\u00f3n de los lotes 14 y 15 de la manzana N\u00b0644 en barrio Nuevo Iguaz\u00fa para la construcci\u00f3n del Centro de Desarrollo Infantil. El terreno tiene una superficie de 510.90 metros cuadrados<\/strong>. En su alocuci\u00f3n el presidente del Concejo Deliberante de Iguaz\u00fa, Juan Jos\u00e9 Raynoldi aclar\u00f3 que el tratamiento del proyecto se realiz\u00f3 sobre tablas debido a la urgencia para el inicio de la obra.<\/p>\n\n\n\n<p>El Centro de desarrollo infantil y trabajan es un lugares donde se atiende en forma integral a los ni\u00f1os y ni\u00f1as entre 45 d\u00edas y hasta los 4 a\u00f1os de edad inclusive. El lapso de permanencia diaria del ni\u00f1o o ni\u00f1a se acuerda con los padres. Adem\u00e1s, <strong>los centros de desarrollo infantil trabajan para que las familias y la comunidad protejan los derechos de los ni\u00f1os y ni\u00f1as para que las familias y la comunidad protejan los derechos de los ni\u00f1os y ni\u00f1as.<\/strong><\/p>\n\n\n\n<p>En estos centros se busca, teniendo en cuenta las caracter\u00edsticas de cada ni\u00f1o y ni\u00f1a, dar estimulaci\u00f3n temprana para favorecer su desarrollo, respetar la igualdad, actuar en forma conjunta con las familias y la comunidad, respetar la diversidad cultural e integrar a ni\u00f1os con discapacidad.<\/p>\n\n\n\n<p>El lugar debe contar con un equipo T\u00e9cnico para funcionar que tiene que estar formado por profesionales de las \u00e1reas sociales, sanitarias y educativas, promotores comunitarios de desarrollo infantil, talleristas comunitarios, personal de mantenimiento, limpieza, cocina y un equipo profesional de apoyo externo conformado por profesionales de \u00e1reas sociales y sanitarias. Se aconseja que haya un pediatra, un nutricionista y un especialista en estimulaci\u00f3n temprana.<\/p>\n","protected":false},"excerpt":{"rendered":"<p>En la sesi\u00f3n ordinaria del jueves 19 de mayo, trataron sobre tablas un proyecto de<\/p>\n","protected":false},"author":1,"featured_media":27907,"comment_status":"open","ping_status":"open","sticky":false,"template":"","format":"standard","meta":{"footnotes":""},"categories":[1,226,232],"tags":[],"class_list":["post-27906","post","type-post","status-publish","format-standard","has-post-thumbnail","hentry","category-actualidad","category-locales","category-sociedad"],"_links":{"self":[{"href":"https:\/\/actualizateiguazu.com\/v3\/wp-json\/wp\/v2\/posts\/27906","targetHints":{"allow":["GET"]}}],"collection":[{"href":"https:\/\/actualizateiguazu.com\/v3\/wp-json\/wp\/v2\/posts"}],"about":[{"href":"https:\/\/actualizateiguazu.com\/v3\/wp-json\/wp\/v2\/types\/post"}],"author":[{"embeddable":true,"href":"https:\/\/actualizateiguazu.com\/v3\/wp-json\/wp\/v2\/users\/1"}],"replies":[{"embeddable":true,"href":"https:\/\/actualizateiguazu.com\/v3\/wp-json\/wp\/v2\/comments?post=27906"}],"version-history":[{"count":1,"href":"https:\/\/actualizateiguazu.com\/v3\/wp-json\/wp\/v2\/posts\/27906\/revisions"}],"predecessor-version":[{"id":27908,"href":"https:\/\/actualizateiguazu.com\/v3\/wp-json\/wp\/v2\/posts\/27906\/revisions\/27908"}],"wp:featuredmedia":[{"embeddable":true,"href":"https:\/\/actualizateiguazu.com\/v3\/wp-json\/wp\/v2\/media\/27907"}],"wp:attachment":[{"href":"https:\/\/actualizateiguazu.com\/v3\/wp-json\/wp\/v2\/media?parent=27906"}],"wp:term":[{"taxonomy":"category","embeddable":true,"href":"https:\/\/actualizateiguazu.com\/v3\/wp-json\/wp\/v2\/categories?post=27906"},{"taxonomy":"post_tag","embeddable":true,"href":"https:\/\/actualizateiguazu.com\/v3\/wp-json\/wp\/v2\/tags?post=27906"}],"curies":[{"name":"wp","href":"https:\/\/api.w.org\/{rel}","templated":true}]}}