{"id":27915,"date":"2022-05-20T10:03:47","date_gmt":"2022-05-20T10:03:47","guid":{"rendered":"https:\/\/actualizateiguazu.com\/v3\/?p=27915"},"modified":"2022-05-20T10:04:51","modified_gmt":"2022-05-20T10:04:51","slug":"27915","status":"publish","type":"post","link":"https:\/\/actualizateiguazu.com\/v3\/2022\/05\/20\/27915\/","title":{"rendered":"Condenaron a perpetua\u00a0 a Yonathan Da Silva por el femicidio de Patricia Mereles"},"content":{"rendered":"\n<p>Tras coincidir con el pedido hecho una semana antes por el fiscal durante la jornada de alegatos, ayer por la ma\u00f1ana los jueces del Tribunal Penal Uno de Eldorado dieron a conocer por la ma\u00f1ana el fallo que conden\u00f3 a la pena de prisi\u00f3n perpetua para Yonathan Ariel \u201cYony\u201d Da Silva, el hombre de 30 a\u00f1os que llegaba a instancia de debate acusado del femicidio de su madrastra, Patricia Mereles (32), quien muri\u00f3 de un disparo en la cabeza el 6 de agosto de 2020 en una vivienda del barrio Las Le\u00f1as de Puerto Iguaz\u00fa.<\/p>\n\n\n\n<p>Por mayor\u00eda de votos, el fallo que lleva la firma de los magistrados Teresa Ramos -titular-, Atilio Le\u00f3n y Oscar Fava como subrogante, detall\u00f3 que<strong> Da Silva fue hallado culpable del delito de homicidio agravado por haber mediado violencia de g\u00e9nero (femicidio), con el uso de arma de fuego, en concurso real, y portaci\u00f3n ilegal de arma de fuego.<\/strong> Todos en calidad de autor.<\/p>\n\n\n\n<p>Cabe recordar que durante los alegatos realizados el pasado mi\u00e9rcoles 11 de mayo, <strong>Jos\u00e9 Aranda, abogado del imputado, consider\u00f3 que su cliente deb\u00eda ser juzgado bajo el delito de homicidio simple con dolo eventual por el uso de arma de fuego<\/strong>. Y se opuso a la figura de femicidio ya que a su criterio el desencadenante de la cuesti\u00f3n habr\u00eda sido una discusi\u00f3n entre la v\u00edctima y la pareja de Da Silva.<\/p>\n\n\n\n<p>Aunque el veredicto se acogi\u00f3 al requerimiento que el fiscal Federico Rodr\u00edguez hab\u00eda planteado durante la exposici\u00f3n de los elementos acusatorios que se fueron reuniendo a lo largo de las tres jornadas previas de juicio en donde se tomaron siete testimonios clave y se incorpor\u00f3 por lectura un octavo relato importante para reconstruir el hecho.<\/p>\n\n\n\n<p>Una vez finalizada la audiencia, este matutino charl\u00f3 con el fiscal Rodr\u00edguez, quien coment\u00f3 que en este caso \u201c<strong>fue evidente que hubo un desprecio por la vida de la mujer, hubo plena consciencia en el momento de disparar y no hubo ning\u00fan s\u00edntoma de arrepentimiento que demuestre que eso no fue intencional. No hubo en el momento y no hubo en toda el tiempo que pas\u00f3 hasta ahora arrepentimiento<\/strong>\u201d.<\/p>\n\n\n\n<p>Al ser consultado por los criterios que se tuvieron en cuenta para encuadrar el hecho en la figura de femicidio, Rodr\u00edguez explic\u00f3 que \u201ccuando se habla de femicidio se habla de superioridad, de dominaci\u00f3n, de desprecio, de minimizaci\u00f3n por la vida de una mujer, que es lo que pas\u00f3 en este hecho\u201d.<\/p>\n\n\n\n<p>Y agreg\u00f3 que \u201c<strong>evidentemente ella (Mereles) estaba develando o estaba a punto de revelar algo comprometedor, tanto como para el muchacho como posiblemente para el padre tambi\u00e9n, en un momento se dijo que le molestaba a esta chica. Y el tema de no importarle absolutamente nada es lo que fundamenta el femicidio. La falta de respeto y no reparar en la vida de una mujer<\/strong>\u201d.<\/p>\n\n\n\n<figure class=\"wp-block-gallery has-nested-images columns-default is-cropped wp-block-gallery-1 is-layout-flex wp-block-gallery-is-layout-flex\">\n<figure class=\"wp-block-image size-large\"><img loading=\"lazy\" decoding=\"async\" width=\"940\" height=\"627\" data-id=\"27917\" src=\"https:\/\/actualizateiguazu.com\/v3\/wp-content\/uploads\/2022\/05\/md.jpg\" alt=\"\" class=\"wp-image-27917\" srcset=\"https:\/\/actualizateiguazu.com\/v3\/wp-content\/uploads\/2022\/05\/md.jpg 940w, https:\/\/actualizateiguazu.com\/v3\/wp-content\/uploads\/2022\/05\/md-300x200.jpg 300w, https:\/\/actualizateiguazu.com\/v3\/wp-content\/uploads\/2022\/05\/md-768x512.jpg 768w\" sizes=\"auto, (max-width: 940px) 100vw, 940px\" \/><\/figure>\n<\/figure>\n\n\n\n<p>Alivio y Justicia<\/p>\n\n\n\n<p>\u00c1ngela Beatriz Mereles, hermana de la v\u00edctima, tambi\u00e9n habl\u00f3 con este medio una vez terminada la \u00faltima audiencia del debate por el femicidio de su familiar. Expectante al fallo de los jueces, y tal cual hab\u00eda hecho durante toda la jornada de alegatos, la mujer sostuvo con firmeza un cartel con la leyenda \u201cNo olvido, no perdono. Justicia\u201d.<\/p>\n\n\n\n<p>\u201cNos sentimos un poco aliviados porque se que en el d\u00eda de hoy (ayer) mi padre no puede asistir porque es una persona de edad y no aguantar\u00eda todo esto, pero en el d\u00eda de hoy sentimos un poco m\u00e1s a la Justicia. Nos sentimos super agradecidos al se\u00f1or que nos ayud\u00f3 porque somos una familia que no tuvimos para pagar un buen asesor, pero nos dimos cuenta que pudimos obtener al menos un poco de Justicia para el alma de mi hermana\u201d, reconoci\u00f3 la mujer al borde de las l\u00e1grimas.&nbsp;<\/p>\n\n\n\n<p>Fuente: El Territorio<\/p>\n","protected":false},"excerpt":{"rendered":"<p>Tras coincidir con el pedido hecho una semana antes por el fiscal durante la jornada<\/p>\n","protected":false},"author":1,"featured_media":27916,"comment_status":"open","ping_status":"open","sticky":false,"template":"","format":"standard","meta":{"footnotes":""},"categories":[1],"tags":[],"class_list":["post-27915","post","type-post","status-publish","format-standard","has-post-thumbnail","hentry","category-actualidad"],"_links":{"self":[{"href":"https:\/\/actualizateiguazu.com\/v3\/wp-json\/wp\/v2\/posts\/27915","targetHints":{"allow":["GET"]}}],"collection":[{"href":"https:\/\/actualizateiguazu.com\/v3\/wp-json\/wp\/v2\/posts"}],"about":[{"href":"https:\/\/actualizateiguazu.com\/v3\/wp-json\/wp\/v2\/types\/post"}],"author":[{"embeddable":true,"href":"https:\/\/actualizateiguazu.com\/v3\/wp-json\/wp\/v2\/users\/1"}],"replies":[{"embeddable":true,"href":"https:\/\/actualizateiguazu.com\/v3\/wp-json\/wp\/v2\/comments?post=27915"}],"version-history":[{"count":2,"href":"https:\/\/actualizateiguazu.com\/v3\/wp-json\/wp\/v2\/posts\/27915\/revisions"}],"predecessor-version":[{"id":27919,"href":"https:\/\/actualizateiguazu.com\/v3\/wp-json\/wp\/v2\/posts\/27915\/revisions\/27919"}],"wp:featuredmedia":[{"embeddable":true,"href":"https:\/\/actualizateiguazu.com\/v3\/wp-json\/wp\/v2\/media\/27916"}],"wp:attachment":[{"href":"https:\/\/actualizateiguazu.com\/v3\/wp-json\/wp\/v2\/media?parent=27915"}],"wp:term":[{"taxonomy":"category","embeddable":true,"href":"https:\/\/actualizateiguazu.com\/v3\/wp-json\/wp\/v2\/categories?post=27915"},{"taxonomy":"post_tag","embeddable":true,"href":"https:\/\/actualizateiguazu.com\/v3\/wp-json\/wp\/v2\/tags?post=27915"}],"curies":[{"name":"wp","href":"https:\/\/api.w.org\/{rel}","templated":true}]}}