{"id":27928,"date":"2022-05-21T00:27:17","date_gmt":"2022-05-21T00:27:17","guid":{"rendered":"https:\/\/actualizateiguazu.com\/v3\/?p=27928"},"modified":"2022-05-21T00:27:19","modified_gmt":"2022-05-21T00:27:19","slug":"la-linea-doble-terna-33-kv-san-ignacio-garita-tendra-38-nuevos-postes-de-hormigon","status":"publish","type":"post","link":"https:\/\/actualizateiguazu.com\/v3\/2022\/05\/21\/la-linea-doble-terna-33-kv-san-ignacio-garita-tendra-38-nuevos-postes-de-hormigon\/","title":{"rendered":"La l\u00ednea doble terna 33 kV \u201cSan Ignacio \u2013 Garita\u201d tendr\u00e1 38 nuevos postes de hormig\u00f3n"},"content":{"rendered":"\n<p>La l\u00ednea doble terna 33 kV \u201cSan Ignacio \u2013 Garita\u201d cuenta con una longitud de 7300 metros y es la encargada de abastecer de energ\u00eda el\u00e9ctrica a las subestaciones transformadoras de Garup\u00e1, Zona Garita, Candelaria y Villa Lan\u00fas.<\/p>\n\n\n\n<p>Con el fin de evitar posibles inconvenientes Energia de Misiones ejecuta un plan de trabajo que consta del remplazo total de todos los 38 postes de madera de la l\u00ednea, por nuevos de hormig\u00f3n armado, como as\u00ed tambi\u00e9n&nbsp; la incorporaci\u00f3n de aisladores de porcelana.<\/p>\n\n\n\n<p>El inicio de obra cont\u00f3 con la presencia de la Presidente, Dra. Virginia Kluka y el Gerente General T\u00e9cnico, Ing. Walter Smichosky, quienes acompa\u00f1aron las tareas realizadas por las cuadrillas de transmisiones y redes, que en solo dos d\u00edas de trabajo ya lograron incorporar 12 postes a la l\u00ednea y se prev\u00e9 que en los pr\u00f3ximos fines de semanas se llegue a la totalidad de los planificado.<\/p>\n\n\n\n<figure class=\"wp-block-image size-large\"><img loading=\"lazy\" decoding=\"async\" width=\"1024\" height=\"768\" src=\"https:\/\/actualizateiguazu.com\/v3\/wp-content\/uploads\/2022\/05\/Linea-doble-terna-San-Ignacio-Garita-3-1024x768.jpeg\" alt=\"\" class=\"wp-image-27929\" srcset=\"https:\/\/actualizateiguazu.com\/v3\/wp-content\/uploads\/2022\/05\/Linea-doble-terna-San-Ignacio-Garita-3-1024x768.jpeg 1024w, https:\/\/actualizateiguazu.com\/v3\/wp-content\/uploads\/2022\/05\/Linea-doble-terna-San-Ignacio-Garita-3-300x225.jpeg 300w, https:\/\/actualizateiguazu.com\/v3\/wp-content\/uploads\/2022\/05\/Linea-doble-terna-San-Ignacio-Garita-3-768x576.jpeg 768w, https:\/\/actualizateiguazu.com\/v3\/wp-content\/uploads\/2022\/05\/Linea-doble-terna-San-Ignacio-Garita-3-1536x1152.jpeg 1536w, https:\/\/actualizateiguazu.com\/v3\/wp-content\/uploads\/2022\/05\/Linea-doble-terna-San-Ignacio-Garita-3-720x540.jpeg 720w, https:\/\/actualizateiguazu.com\/v3\/wp-content\/uploads\/2022\/05\/Linea-doble-terna-San-Ignacio-Garita-3.jpeg 1600w\" sizes=\"auto, (max-width: 1024px) 100vw, 1024px\" \/><\/figure>\n\n\n\n<p>\u201cEs de vital importancia que una l\u00ednea de semejante magnitud cuente con postes de hormig\u00f3n en su totalidad. Sin lugar a dudas podremos aumentar la confiabilidad del servicio para todos los usuarios de zonas tan pobladas como ser Garup\u00e1 y sus alrededores\u201d coment\u00f3 Dra. Virginia Kluka presidente de la empresa de energ\u00eda.<\/p>\n\n\n\n<p>Asimismo remarc\u00f3 \u201cEsta l\u00ednea hab\u00eda sido una de las m\u00e1s golpeadas luego de la gran tormenta que sufri\u00f3 la provincia el d\u00eda 28 de febrero\u201d. \u201cDesde ese momento comenzamos la planificaci\u00f3n para llevar adelante este proyecto y es un orgullo que hoy podamos decir que en un fin de semana ya cuente con 12 postes nuevos y que en los pr\u00f3ximos d\u00edas se completar\u00e1 el remplazo de los 26 restantes\u201d<\/p>\n\n\n\n<p>Cabe destacar que las tareas se realizan los d\u00edas s\u00e1bados y domingos para evitar mayores interrupciones en el servicio. Las zonas de Garup\u00e1, Garita, Candelaria y Villa Lan\u00fas son alimentadas por l\u00edneas alternativas aprovechando la menor demanda requerida por ser fin de semana.<\/p>\n","protected":false},"excerpt":{"rendered":"<p>La l\u00ednea doble terna 33 kV \u201cSan Ignacio \u2013 Garita\u201d cuenta con una longitud de<\/p>\n","protected":false},"author":1,"featured_media":27930,"comment_status":"open","ping_status":"open","sticky":false,"template":"","format":"standard","meta":{"footnotes":""},"categories":[1,229],"tags":[],"class_list":["post-27928","post","type-post","status-publish","format-standard","has-post-thumbnail","hentry","category-actualidad","category-provinciales"],"_links":{"self":[{"href":"https:\/\/actualizateiguazu.com\/v3\/wp-json\/wp\/v2\/posts\/27928","targetHints":{"allow":["GET"]}}],"collection":[{"href":"https:\/\/actualizateiguazu.com\/v3\/wp-json\/wp\/v2\/posts"}],"about":[{"href":"https:\/\/actualizateiguazu.com\/v3\/wp-json\/wp\/v2\/types\/post"}],"author":[{"embeddable":true,"href":"https:\/\/actualizateiguazu.com\/v3\/wp-json\/wp\/v2\/users\/1"}],"replies":[{"embeddable":true,"href":"https:\/\/actualizateiguazu.com\/v3\/wp-json\/wp\/v2\/comments?post=27928"}],"version-history":[{"count":1,"href":"https:\/\/actualizateiguazu.com\/v3\/wp-json\/wp\/v2\/posts\/27928\/revisions"}],"predecessor-version":[{"id":27931,"href":"https:\/\/actualizateiguazu.com\/v3\/wp-json\/wp\/v2\/posts\/27928\/revisions\/27931"}],"wp:featuredmedia":[{"embeddable":true,"href":"https:\/\/actualizateiguazu.com\/v3\/wp-json\/wp\/v2\/media\/27930"}],"wp:attachment":[{"href":"https:\/\/actualizateiguazu.com\/v3\/wp-json\/wp\/v2\/media?parent=27928"}],"wp:term":[{"taxonomy":"category","embeddable":true,"href":"https:\/\/actualizateiguazu.com\/v3\/wp-json\/wp\/v2\/categories?post=27928"},{"taxonomy":"post_tag","embeddable":true,"href":"https:\/\/actualizateiguazu.com\/v3\/wp-json\/wp\/v2\/tags?post=27928"}],"curies":[{"name":"wp","href":"https:\/\/api.w.org\/{rel}","templated":true}]}}