{"id":27939,"date":"2022-05-21T12:46:21","date_gmt":"2022-05-21T12:46:21","guid":{"rendered":"https:\/\/actualizateiguazu.com\/v3\/?p=27939"},"modified":"2022-05-21T12:46:24","modified_gmt":"2022-05-21T12:46:24","slug":"exitoso-intercambio-entre-la-policia-de-misiones-las-fuerzas-federales-y-expertos-de-la-policia-nacional-de-colombia","status":"publish","type":"post","link":"https:\/\/actualizateiguazu.com\/v3\/2022\/05\/21\/exitoso-intercambio-entre-la-policia-de-misiones-las-fuerzas-federales-y-expertos-de-la-policia-nacional-de-colombia\/","title":{"rendered":"Exitoso intercambio entre la Polic\u00eda de Misiones, las fuerzas federales y expertos de la Polic\u00eda Nacional de Colombia"},"content":{"rendered":"\n<p>Luego de cinco d\u00edas de capacitaci\u00f3n, 47 cursantes de las fuerzas provinciales y nacionales recibieron sus diplomas en el marco de las jornadas catedr\u00e1ticas organizadas por el Ministerio de Gobierno de la Provincia y la Embajada de Estados Unidos en Argentina.<\/p>\n\n\n\n<p>El Ministerio de Gobierno de la Provincia de Misiones cerr\u00f3 el Ciclo de Intercambio de Contenidos y Experiencias en Delitos Complejos entre la Polic\u00eda de Misiones, la Polic\u00eda Federal y la de Seguridad Aeroportuaria,&nbsp; la Gendarmer\u00eda Nacional, la Prefectura Naval Argentina, y la Polic\u00eda Nacional de Colombia.<\/p>\n\n\n\n<p>Con la cooperaci\u00f3n de la Embajada de Estados Unidos, se desarrollaron cinco jornadas en las que profundizaron en&nbsp; t\u00e1cticas y t\u00e9cnicas de investigaci\u00f3n para combatir a las organizaciones criminales, al narcotr\u00e1fico y narcomenudeo.<\/p>\n\n\n\n<p>En el acto de clausura llevado a cabo en la Universidad de las Fuerzas de Seguridad de la Provincia de Misiones, el ministro de Gobierno, Marcelo P\u00e9rez; el subsecretario de Seguridad y Justicia, Ariel Marinoni; la representante de la Embajada de EEUU, Mar\u00eda del Sol Ozuna; el sub jefe de la Polic\u00eda de Misiones, V\u00edctor Eduardo Maj y el jefe de la Unidad B\u00e1sica de Investigaci\u00f3n Criminal de la Polic\u00eda de Colombia, Harol Aguirre, entregaron los diplomas a un total de 47 cursantes de las distintas fuerzas.<\/p>\n\n\n\n<figure class=\"wp-block-image size-large\"><img loading=\"lazy\" decoding=\"async\" width=\"1024\" height=\"683\" src=\"https:\/\/actualizateiguazu.com\/v3\/wp-content\/uploads\/2022\/05\/WhatsApp-Image-2022-05-20-at-7.09.03-PM-2-1024x683.jpeg\" alt=\"\" class=\"wp-image-27940\" srcset=\"https:\/\/actualizateiguazu.com\/v3\/wp-content\/uploads\/2022\/05\/WhatsApp-Image-2022-05-20-at-7.09.03-PM-2-1024x683.jpeg 1024w, https:\/\/actualizateiguazu.com\/v3\/wp-content\/uploads\/2022\/05\/WhatsApp-Image-2022-05-20-at-7.09.03-PM-2-300x200.jpeg 300w, https:\/\/actualizateiguazu.com\/v3\/wp-content\/uploads\/2022\/05\/WhatsApp-Image-2022-05-20-at-7.09.03-PM-2-768x512.jpeg 768w, https:\/\/actualizateiguazu.com\/v3\/wp-content\/uploads\/2022\/05\/WhatsApp-Image-2022-05-20-at-7.09.03-PM-2.jpeg 1500w\" sizes=\"auto, (max-width: 1024px) 100vw, 1024px\" \/><\/figure>\n\n\n\n<p>\u201cEn nombre del Gobierno Provincial agradezco a la Embajada de Estados Unidos por haber propuesto y organizado estas jornadas\u00bb comenz\u00f3 destacando el ministro de Gobierno, Marcelo P\u00e9rez.&nbsp;<\/p>\n\n\n\n<p>Luego enfatiz\u00f3 que \u00abhoy estamos un pelda\u00f1o m\u00e1s arriba en conocimiento luego de este intercambio con profesionales de la seguridad de un pa\u00eds (Colombia) que logr\u00f3 un giro importante en su imagen y tratamiento contra el narcotr\u00e1fico\u00bb.&nbsp;<\/p>\n\n\n\n<p>Por su parte, el teniente de la Polic\u00eda de Colombia, Harol Aguirre destac\u00f3: \u00abLogramos identificar en esta semana que ustedes tienen unos cuerpos de polic\u00edas que est\u00e1n todos comprometidos de coraz\u00f3n en proteger y en salvaguardar la integridad de todos los ciudadanos. Todos aman su profesi\u00f3n y est\u00e1n interesados en obtener el conocimiento para fortalecerse. Porque no solamente hablan de proteger la vida de ciudadanos, sino que tambi\u00e9n la vida de sus hijos y de sus esposas. Por ello, como miembros de la Polic\u00eda Nacional de Colombia, nos sentimos orgullosos\u00bb, finaliz\u00f3.<\/p>\n","protected":false},"excerpt":{"rendered":"<p>Luego de cinco d\u00edas de capacitaci\u00f3n, 47 cursantes de las fuerzas provinciales y nacionales recibieron<\/p>\n","protected":false},"author":1,"featured_media":27941,"comment_status":"open","ping_status":"open","sticky":false,"template":"","format":"standard","meta":{"footnotes":""},"categories":[1,229],"tags":[],"class_list":["post-27939","post","type-post","status-publish","format-standard","has-post-thumbnail","hentry","category-actualidad","category-provinciales"],"_links":{"self":[{"href":"https:\/\/actualizateiguazu.com\/v3\/wp-json\/wp\/v2\/posts\/27939","targetHints":{"allow":["GET"]}}],"collection":[{"href":"https:\/\/actualizateiguazu.com\/v3\/wp-json\/wp\/v2\/posts"}],"about":[{"href":"https:\/\/actualizateiguazu.com\/v3\/wp-json\/wp\/v2\/types\/post"}],"author":[{"embeddable":true,"href":"https:\/\/actualizateiguazu.com\/v3\/wp-json\/wp\/v2\/users\/1"}],"replies":[{"embeddable":true,"href":"https:\/\/actualizateiguazu.com\/v3\/wp-json\/wp\/v2\/comments?post=27939"}],"version-history":[{"count":1,"href":"https:\/\/actualizateiguazu.com\/v3\/wp-json\/wp\/v2\/posts\/27939\/revisions"}],"predecessor-version":[{"id":27942,"href":"https:\/\/actualizateiguazu.com\/v3\/wp-json\/wp\/v2\/posts\/27939\/revisions\/27942"}],"wp:featuredmedia":[{"embeddable":true,"href":"https:\/\/actualizateiguazu.com\/v3\/wp-json\/wp\/v2\/media\/27941"}],"wp:attachment":[{"href":"https:\/\/actualizateiguazu.com\/v3\/wp-json\/wp\/v2\/media?parent=27939"}],"wp:term":[{"taxonomy":"category","embeddable":true,"href":"https:\/\/actualizateiguazu.com\/v3\/wp-json\/wp\/v2\/categories?post=27939"},{"taxonomy":"post_tag","embeddable":true,"href":"https:\/\/actualizateiguazu.com\/v3\/wp-json\/wp\/v2\/tags?post=27939"}],"curies":[{"name":"wp","href":"https:\/\/api.w.org\/{rel}","templated":true}]}}