{"id":27943,"date":"2022-05-21T12:58:28","date_gmt":"2022-05-21T12:58:28","guid":{"rendered":"https:\/\/actualizateiguazu.com\/v3\/?p=27943"},"modified":"2022-05-21T12:58:31","modified_gmt":"2022-05-21T12:58:31","slug":"se-filmo-el-dia-invisible-cortometraje-de-la-oberena-sanchez-gravier","status":"publish","type":"post","link":"https:\/\/actualizateiguazu.com\/v3\/2022\/05\/21\/se-filmo-el-dia-invisible-cortometraje-de-la-oberena-sanchez-gravier\/","title":{"rendered":"Se film\u00f3 \u201cEl d\u00eda invisible\u201d, cortometraje de la obere\u00f1a S\u00e1nchez Gravier"},"content":{"rendered":"\n<p>Tres historias se hilan en un d\u00eda donde el aire es denso y malos augurios anuncian el desastre: un eclipse solar acecha la regi\u00f3n como un monstruo que viene a devorarse el sol, el monte y a todo aquel que se atreva a mirar. Con este argumento, \u201cEl d\u00eda invisible\u201d, cortometraje de la directora Agustina S\u00e1nchez Gavier, termin\u00f3 de filmarse la semana pasada en Ober\u00e1.<\/p>\n\n\n\n<p>\u201cSiguiendo a los tres personajes de la historia, que son los que se animan a salir de sus casas, se va revelando un contexto desolador, <strong>en donde la tala de \u00e1rboles, la contaminaci\u00f3n de los r\u00edos, forman esa realidad m\u00f3rbida que habitan y asusta<\/strong>\u201d, ampli\u00f3 la directora acerca de la obra, una conjugaci\u00f3n de drama y misterio. \u201c&#8230;Se retratan tres formas de ignorar -la realidad-, cada personaje retrata una forma: <strong>el que ignora con conciencia y sufre por eso, el que ignora sin saber pudiendo saber, y el que ignora con una inocencia pura, que es la del ni\u00f1o<\/strong>\u201d, agreg\u00f3.<\/p>\n\n\n\n<figure class=\"wp-block-image size-large\"><img loading=\"lazy\" decoding=\"async\" width=\"1024\" height=\"576\" src=\"https:\/\/actualizateiguazu.com\/v3\/wp-content\/uploads\/2022\/05\/Constanza-Sandoval-Dir-Fotografi\u0301a-El-di\u0301a-invisible-1024x576.jpg\" alt=\"\" class=\"wp-image-27946\" srcset=\"https:\/\/actualizateiguazu.com\/v3\/wp-content\/uploads\/2022\/05\/Constanza-Sandoval-Dir-Fotografi\u0301a-El-di\u0301a-invisible-1024x576.jpg 1024w, https:\/\/actualizateiguazu.com\/v3\/wp-content\/uploads\/2022\/05\/Constanza-Sandoval-Dir-Fotografi\u0301a-El-di\u0301a-invisible-300x169.jpg 300w, https:\/\/actualizateiguazu.com\/v3\/wp-content\/uploads\/2022\/05\/Constanza-Sandoval-Dir-Fotografi\u0301a-El-di\u0301a-invisible-768x432.jpg 768w, https:\/\/actualizateiguazu.com\/v3\/wp-content\/uploads\/2022\/05\/Constanza-Sandoval-Dir-Fotografi\u0301a-El-di\u0301a-invisible-800x450.jpg 800w, https:\/\/actualizateiguazu.com\/v3\/wp-content\/uploads\/2022\/05\/Constanza-Sandoval-Dir-Fotografi\u0301a-El-di\u0301a-invisible.jpg 1280w\" sizes=\"auto, (max-width: 1024px) 100vw, 1024px\" \/><\/figure>\n\n\n\n<p>Gavier es oriunda de Ober\u00e1, vive en Alemania desde hace m\u00e1s de 10 a\u00f1os, y este cortometraje es la tesis de finalizaci\u00f3n de su carrera en la Academia de Artes Multimediales de Colonia -de ese pa\u00eds-, y que decidi\u00f3 realizar aqu\u00ed. \u201c<strong>El deseo de filmar en Misiones estuvo siempre para realizar cualquier proyecto, pero bueno, viv\u00eda demasiado lejos lamentablemente. Y en realidad se dio tambi\u00e9n porque en una de mis \u00faltimas venidas ac\u00e1 a Argentina\u2026 me sucede lo que despu\u00e9s viene a ser una de las escenas de \u00a8El d\u00eda invisible\u00a8, donde el personaje del ni\u00f1o se encuentra con pertenencias de alguien y no ve a nadie, y a m\u00ed me sucedi\u00f3 algo similar en el Cu\u00f1\u00e1 Pir\u00fa<\/strong>\u201d, una situaci\u00f3n en la que le pareci\u00f3 sentir una presencia invisible, algo que ella no estaba viendo. \u201cY en ese momento pens\u00e9 \u2018no, tiene que haber sido un monstruo\u2019, y algo similar <strong>me sucede cada vez que vengo a Misiones y la veo con menos monte<\/strong>. Pero bueno, esta vez lo pienso a la inversa, el monstruo viene a ser el hombre del agronegocio\u201d, cont\u00f3 acerca de c\u00f3mo surgi\u00f3 la historia. <strong>Con la idea m\u00e1s desarrollada, aplic\u00f3 y obtuvo fondos del Instituto de Fomento Cinematogr\u00e1fico Alem\u00e1n, permiti\u00e9ndole venir a filmar a Misiones<\/strong>.<\/p>\n\n\n\n<p>El cortometraje, realizado \u00edntegramente en 16mm, es una de las caracter\u00edsticas que sobresalen. La elecci\u00f3n tuvo que ver principalmente con la forma en que la directora percibe este formato: \u201ctangible, donde sucede qu\u00edmica realmente, es un celuloide, material negro que recibe luz y se transforma en imagen, es para m\u00ed magia pura\u201d, sostiene. Gravier tambi\u00e9n explica que, \u201c<strong>lo pens\u00e9 desde un primer momento como una contribuci\u00f3n muy importante a esta historia donde suceden muchas cosas, en muchas dimensiones, como que hay muchos seres en el aire, hay mucha magia en el aire, y siempre me imagin\u00e9 eso, que este formato iba a ser como el m\u00e1s coherente, el que mejor va a saber retratar esta historia invisible\u2026lo contrario a un formato digital que es invisible, que retrata algo visible<\/strong>\u201d.<\/p>\n\n\n\n<figure class=\"wp-block-image size-large\"><img loading=\"lazy\" decoding=\"async\" width=\"1024\" height=\"576\" src=\"https:\/\/actualizateiguazu.com\/v3\/wp-content\/uploads\/2022\/05\/El-di\u0301a-invisible-rodaje-3-1024x576.jpg\" alt=\"\" class=\"wp-image-27944\" srcset=\"https:\/\/actualizateiguazu.com\/v3\/wp-content\/uploads\/2022\/05\/El-di\u0301a-invisible-rodaje-3-1024x576.jpg 1024w, https:\/\/actualizateiguazu.com\/v3\/wp-content\/uploads\/2022\/05\/El-di\u0301a-invisible-rodaje-3-300x169.jpg 300w, https:\/\/actualizateiguazu.com\/v3\/wp-content\/uploads\/2022\/05\/El-di\u0301a-invisible-rodaje-3-768x432.jpg 768w, https:\/\/actualizateiguazu.com\/v3\/wp-content\/uploads\/2022\/05\/El-di\u0301a-invisible-rodaje-3-800x450.jpg 800w, https:\/\/actualizateiguazu.com\/v3\/wp-content\/uploads\/2022\/05\/El-di\u0301a-invisible-rodaje-3.jpg 1280w\" sizes=\"auto, (max-width: 1024px) 100vw, 1024px\" \/><\/figure>\n\n\n\n<p>A la textura que ofrece el formato, la directora destac\u00f3 tambi\u00e9n la din\u00e1mica que conlleva filmar en 16mm, donde se debe ensayar muchas veces y estar seguro de cada escena, ya que el tiempo de filmaci\u00f3n que permite este soporte es limitado. \u201cFue un aprendizaje tambi\u00e9n en c\u00f3mo ir pensando la pel\u00edcula en el rodaje\u201d, coment\u00f3.<\/p>\n\n\n\n<p>De 10 a\u00f1os a hoy, Gavier vio a la distancia y con felicidad el desarrollo y crecimiento de la actividad audiovisual en Misiones, todos los proyectos y las pel\u00edculas que se filmaban en la provincia. Cuando ella se fue a Alemania, se\u00f1al\u00f3, \u201c<strong>no hab\u00eda todo lo que hay ahora, es impresionante c\u00f3mo se conform\u00f3 ac\u00e1 un universo audiovisual muy importante, con toda raz\u00f3n, porque\u2026 \u00a1qui\u00e9n no quiere venir a filmar a Misiones realmente! Tiene mucha coherencia para m\u00ed que se haya formado este polo audiovisual ac\u00e1, por todo lo que significa Misiones, por la ubicaci\u00f3n, por el territorio, por la belleza de la naturaleza, y la cantidad de historias que hay ac\u00e1<\/strong>\u201d. Durante el rodaje conoci\u00f3 a un grupo de personas con las que trabaj\u00f3 de manera muy amena y agradable. \u201cY bueno, imaginate hoy la felicidad que tengo de finalmente venir a filmar a casa, y encima, ahora volverme con el coraz\u00f3n muy lleno, de una experiencia que fue muy hermosa y estoy muy agradecida\u201d, finaliz\u00f3.<\/p>\n\n\n\n<p><strong>\u201cEl d\u00eda invisible\u201d se rod\u00f3 en la ciudad de Ober\u00e1, Los Helechos, Villa Bonita, Barra Bonita y Panamb\u00ed, con un equipo t\u00e9cnico y art\u00edstico casi en su totalidad misionero<\/strong>. Cont\u00f3, adem\u00e1s, con el apoyo de la Comisi\u00f3n de Filmaciones del Instituto de Artes Audiovisuales de Misiones.<\/p>\n","protected":false},"excerpt":{"rendered":"<p>Tres historias se hilan en un d\u00eda donde el aire es denso y malos augurios<\/p>\n","protected":false},"author":1,"featured_media":27947,"comment_status":"open","ping_status":"open","sticky":false,"template":"","format":"standard","meta":{"footnotes":""},"categories":[1,222,229],"tags":[],"class_list":["post-27943","post","type-post","status-publish","format-standard","has-post-thumbnail","hentry","category-actualidad","category-cultura","category-provinciales"],"_links":{"self":[{"href":"https:\/\/actualizateiguazu.com\/v3\/wp-json\/wp\/v2\/posts\/27943","targetHints":{"allow":["GET"]}}],"collection":[{"href":"https:\/\/actualizateiguazu.com\/v3\/wp-json\/wp\/v2\/posts"}],"about":[{"href":"https:\/\/actualizateiguazu.com\/v3\/wp-json\/wp\/v2\/types\/post"}],"author":[{"embeddable":true,"href":"https:\/\/actualizateiguazu.com\/v3\/wp-json\/wp\/v2\/users\/1"}],"replies":[{"embeddable":true,"href":"https:\/\/actualizateiguazu.com\/v3\/wp-json\/wp\/v2\/comments?post=27943"}],"version-history":[{"count":1,"href":"https:\/\/actualizateiguazu.com\/v3\/wp-json\/wp\/v2\/posts\/27943\/revisions"}],"predecessor-version":[{"id":27948,"href":"https:\/\/actualizateiguazu.com\/v3\/wp-json\/wp\/v2\/posts\/27943\/revisions\/27948"}],"wp:featuredmedia":[{"embeddable":true,"href":"https:\/\/actualizateiguazu.com\/v3\/wp-json\/wp\/v2\/media\/27947"}],"wp:attachment":[{"href":"https:\/\/actualizateiguazu.com\/v3\/wp-json\/wp\/v2\/media?parent=27943"}],"wp:term":[{"taxonomy":"category","embeddable":true,"href":"https:\/\/actualizateiguazu.com\/v3\/wp-json\/wp\/v2\/categories?post=27943"},{"taxonomy":"post_tag","embeddable":true,"href":"https:\/\/actualizateiguazu.com\/v3\/wp-json\/wp\/v2\/tags?post=27943"}],"curies":[{"name":"wp","href":"https:\/\/api.w.org\/{rel}","templated":true}]}}